{"id":2264,"date":"2012-11-19T08:05:57","date_gmt":"2012-11-19T11:05:57","guid":{"rendered":"http:\/\/ultimato.com.br\/sites\/jovem\/?p=2264"},"modified":"2012-11-19T08:05:57","modified_gmt":"2012-11-19T11:05:57","slug":"geracao-moonwalk","status":"publish","type":"post","link":"https:\/\/ultimato.com.br\/sites\/jovem\/2012\/11\/19\/geracao-moonwalk\/","title":{"rendered":"Gera\u00e7\u00e3o &#8220;moonwalk&#8221;"},"content":{"rendered":"<p><em>Por\u00a0Alan C\u00e9sar<\/em><\/p>\n<p><span style=\"color: #4e4e4e;\"><span style=\"font-family: 'Segoe UI', Calibri, 'Myriad Pro', Myriad, 'Trebuchet MS', Helvetica, Arial, sans-serif;\"><span style=\"font-size: small;\"><a href=\"http:\/\/ultimato.com.br\/sites\/jovem\/files\/2012\/11\/moonwalk_1432135i1.jpg\" class=\"lightview\" data-lightview-group=\"group-2264\" data-lightview-options=\"skin: 'dark', controls: 'relative', padding: '10', shadow: { color: '#000000', opacity: 0.08, blur: 3 }\" data-lightview-title=\"moonwalk_1432135i\"><img loading=\"lazy\" decoding=\"async\" class=\"alignleft size-medium wp-image-2266\" title=\"moonwalk_1432135i\" src=\"http:\/\/ultimato.com.br\/sites\/jovem\/files\/2012\/11\/moonwalk_1432135i1-300x225.jpg\" alt=\"\" width=\"300\" height=\"225\" srcset=\"https:\/\/ultimato.com.br\/sites\/jovem\/files\/2012\/11\/moonwalk_1432135i1-300x225.jpg 300w, https:\/\/ultimato.com.br\/sites\/jovem\/files\/2012\/11\/moonwalk_1432135i1-150x112.jpg 150w, https:\/\/ultimato.com.br\/sites\/jovem\/files\/2012\/11\/moonwalk_1432135i1.jpg 400w\" sizes=\"auto, (max-width: 300px) 100vw, 300px\" \/><\/a>Muitos dos jovens que comp\u00f5em as fileiras de nossas igrejas atualmente s\u00e3o, em grande maioria, descomprometidos com as marcas de Cristo.<\/span><\/span><\/span><\/p>\n<p><span style=\"color: #4e4e4e;\"><span style=\"font-family: 'Segoe UI', Calibri, 'Myriad Pro', Myriad, 'Trebuchet MS', Helvetica, Arial, sans-serif;\"><span style=\"font-size: small;\">A essa gera\u00e7\u00e3o quero dar o nome de &#8220;g<\/span><\/span><\/span><span style=\"color: #4e4e4e;\"><span style=\"font-family: 'Segoe UI', Calibri, 'Myriad Pro', Myriad, 'Trebuchet MS', Helvetica, Arial, sans-serif;\"><span style=\"font-size: small;\">era\u00e7\u00e3o<\/span><\/span><\/span><strong><span style=\"color: #4e4e4e;\"><span style=\"font-family: 'Segoe UI', Calibri, 'Myriad Pro', Myriad, 'Trebuchet MS', Helvetica, Arial, sans-serif;\"><span style=\"font-size: small;\">\u00a0<\/span><\/span><\/span><\/strong><em><span style=\"color: #4e4e4e;\"><span style=\"font-family: 'Segoe UI', Calibri, 'Myriad Pro', Myriad, 'Trebuchet MS', Helvetica, Arial, sans-serif;\"><span style=\"font-size: small;\">moonwalk<\/span><\/span><\/span><\/em><strong><span style=\"color: #4e4e4e;\"><span style=\"font-family: 'Segoe UI', Calibri, 'Myriad Pro', Myriad, 'Trebuchet MS', Helvetica, Arial, sans-serif;\"><span style=\"font-size: small;\">&#8220;,\u00a0<\/span><\/span><\/span><\/strong><span style=\"color: #4e4e4e;\"><span style=\"font-family: 'Segoe UI', Calibri, 'Myriad Pro', Myriad, 'Trebuchet MS', Helvetica, Arial, sans-serif;\"><span style=\"font-size: small;\">em refer\u00eancia ao famoso passo de dan\u00e7a de Michael Jackson.<\/span><\/span><\/span><\/p>\n<p><span style=\"color: #4e4e4e;\"><span style=\"font-family: 'Segoe UI', Calibri, 'Myriad Pro', Myriad, 'Trebuchet MS', Helvetica, Arial, sans-serif;\"><span style=\"font-size: small;\">Mas em que os jovens evang\u00e9licos de hoje se assemelham com essa coreografia?<\/span><\/span><\/span><\/p>\n<p><span style=\"color: #4e4e4e;\"><span style=\"font-family: 'Segoe UI', Calibri, 'Myriad Pro', Myriad, 'Trebuchet MS', Helvetica, Arial, sans-serif;\"><span style=\"font-size: small;\">O\u00a0<\/span><\/span><\/span><em><span style=\"color: #4e4e4e;\"><span style=\"font-family: 'Segoe UI', Calibri, 'Myriad Pro', Myriad, 'Trebuchet MS', Helvetica, Arial, sans-serif;\"><span style=\"font-size: small;\">moonwalk<\/span><\/span><\/span><\/em><span style=\"color: #4e4e4e;\"><span style=\"font-family: 'Segoe UI', Calibri, 'Myriad Pro', Myriad, 'Trebuchet MS', Helvetica, Arial, sans-serif;\"><span style=\"font-size: small;\">\u00a0foi popularizado em 1983. A impress\u00e3o que se tem \u00e9 que a pessoa que executa o passo est\u00e1 andando para a frente, quando na verdade est\u00e1 andando para tr\u00e1s. \u00c9 uma ilus\u00e3o de \u00f3tica. Essa, talvez, seja a maior semelhan\u00e7a com boa parte da juventude de hoje.\u00a0<\/span><\/span><\/span><\/p>\n<p><span style=\"color: #4e4e4e;\"><span style=\"font-family: 'Segoe UI', Calibri, 'Myriad Pro', Myriad, 'Trebuchet MS', Helvetica, Arial, sans-serif;\"><span style=\"font-size: small;\">Os jovens que fazem parte da gera\u00e7\u00e3o\u00a0<\/span><\/span><\/span><em><span style=\"color: #4e4e4e;\"><span style=\"font-family: 'Segoe UI', Calibri, 'Myriad Pro', Myriad, 'Trebuchet MS', Helvetica, Arial, sans-serif;\"><span style=\"font-size: small;\">moonwalk<\/span><\/span><\/span><\/em><span style=\"color: #4e4e4e;\"><span style=\"font-family: 'Segoe UI', Calibri, 'Myriad Pro', Myriad, 'Trebuchet MS', Helvetica, Arial, sans-serif;\"><span style=\"font-size: small;\">\u00a0est\u00e3o constantemente mantendo a boa imagem, que por sua vez \u00e9 antag\u00f4nica a sua verdadeira ess\u00eancia.\u00a0Eles conseguem levantar as m\u00e3os durante o louvor, ter presen\u00e7as regulares no cultos de domingo, t\u00eam vocabul\u00e1rio evang\u00e9lico na ponta da l\u00edngua, alguns carregam at\u00e9 a b\u00edblia, outros com muita coragem sobem aos p\u00falpitos para louvar, pregar&#8230; Mas, ser\u00e1 que tudo n\u00e3o passa de uma ilus\u00e3o \u00f3tica? Ser\u00e1 que esses mesmos jovens n\u00e3o est\u00e3o a bailar o famoso\u00a0<\/span><\/span><\/span><em><span style=\"color: #4e4e4e;\"><span style=\"font-family: 'Segoe UI', Calibri, 'Myriad Pro', Myriad, 'Trebuchet MS', Helvetica, Arial, sans-serif;\"><span style=\"font-size: small;\">moonwalk<\/span><\/span><\/span><\/em><span style=\"color: #4e4e4e;\"><span style=\"font-family: 'Segoe UI', Calibri, 'Myriad Pro', Myriad, 'Trebuchet MS', Helvetica, Arial, sans-serif;\"><span style=\"font-size: small;\">?<\/span><\/span><\/span><\/p>\n<p><!--more--><\/p>\n<p><span style=\"color: #4e4e4e;\"><span style=\"font-family: 'Segoe UI', Calibri, 'Myriad Pro', Myriad, 'Trebuchet MS', Helvetica, Arial, sans-serif;\"><span style=\"font-size: small;\">O profeta Joel, no cap\u00edtulo dois, encontrou uma gera\u00e7\u00e3o parecida, uma sociedade\u00a0em que as pessoas\u00a0estavam prontas a rasgarem as vestes, prontas a sinalizar o que realmente n\u00e3o estavam vivendo. As vestes eram rasgadas, mas por dentro o cora\u00e7\u00e3o permanecia intacto, e a estes Deus disse por meio do profeta: \u201cConvertei-vos a mim de todo o vosso cora\u00e7\u00e3o, com jejum, choro, pranto, rasgai o vosso cora\u00e7\u00e3o, e n\u00e3o a vossas veste.<\/span><\/span><\/span><\/p>\n<p><span style=\"color: #4e4e4e;\"><span style=\"font-family: 'Segoe UI', Calibri, 'Myriad Pro', Myriad, 'Trebuchet MS', Helvetica, Arial, sans-serif;\"><span style=\"font-size: small;\">____________________<\/span><\/span><\/span><\/p>\n<p><span style=\"color: #4e4e4e;\">\u00a0Alan C\u00e9sar Corr\u00eaa, 31 anos, cursando 4\u00b0 ano de bacharel em teologia<\/span><\/p>\n","protected":false},"excerpt":{"rendered":"<p>Por\u00a0Alan C\u00e9sar Muitos dos jovens que comp\u00f5em as fileiras de nossas igrejas atualmente s\u00e3o, em grande maioria, descomprometidos com as marcas de Cristo. A essa gera\u00e7\u00e3o quero dar o nome de &#8220;gera\u00e7\u00e3o\u00a0moonwalk&#8220;,\u00a0em refer\u00eancia ao famoso passo de dan\u00e7a de Michael Jackson. Mas em que os jovens evang\u00e9licos de hoje se assemelham com essa coreografia? O\u00a0moonwalk\u00a0foi [&hellip;]<\/p>\n","protected":false},"author":19,"featured_media":0,"comment_status":"open","ping_status":"open","sticky":false,"template":"","format":"standard","meta":{"ngg_post_thumbnail":0,"footnotes":""},"categories":[6054],"tags":[],"class_list":["post-2264","post","type-post","status-publish","format-standard","hentry","category-textos"],"_links":{"self":[{"href":"https:\/\/ultimato.com.br\/sites\/jovem\/wp-json\/wp\/v2\/posts\/2264","targetHints":{"allow":["GET"]}}],"collection":[{"href":"https:\/\/ultimato.com.br\/sites\/jovem\/wp-json\/wp\/v2\/posts"}],"about":[{"href":"https:\/\/ultimato.com.br\/sites\/jovem\/wp-json\/wp\/v2\/types\/post"}],"author":[{"embeddable":true,"href":"https:\/\/ultimato.com.br\/sites\/jovem\/wp-json\/wp\/v2\/users\/19"}],"replies":[{"embeddable":true,"href":"https:\/\/ultimato.com.br\/sites\/jovem\/wp-json\/wp\/v2\/comments?post=2264"}],"version-history":[{"count":3,"href":"https:\/\/ultimato.com.br\/sites\/jovem\/wp-json\/wp\/v2\/posts\/2264\/revisions"}],"predecessor-version":[{"id":2269,"href":"https:\/\/ultimato.com.br\/sites\/jovem\/wp-json\/wp\/v2\/posts\/2264\/revisions\/2269"}],"wp:attachment":[{"href":"https:\/\/ultimato.com.br\/sites\/jovem\/wp-json\/wp\/v2\/media?parent=2264"}],"wp:term":[{"taxonomy":"category","embeddable":true,"href":"https:\/\/ultimato.com.br\/sites\/jovem\/wp-json\/wp\/v2\/categories?post=2264"},{"taxonomy":"post_tag","embeddable":true,"href":"https:\/\/ultimato.com.br\/sites\/jovem\/wp-json\/wp\/v2\/tags?post=2264"}],"curies":[{"name":"wp","href":"https:\/\/api.w.org\/{rel}","templated":true}]}}