{"id":2240,"date":"2012-11-07T08:44:08","date_gmt":"2012-11-07T11:44:08","guid":{"rendered":"http:\/\/ultimato.com.br\/sites\/jovem\/?p=2240"},"modified":"2012-11-07T08:44:08","modified_gmt":"2012-11-07T11:44:08","slug":"responsabilidade-engajamento","status":"publish","type":"post","link":"https:\/\/ultimato.com.br\/sites\/jovem\/2012\/11\/07\/responsabilidade-engajamento\/","title":{"rendered":"Responsabilidade e engajamento"},"content":{"rendered":"<p><em>Por\u00a0Mateus Oct\u00e1vio<\/em><\/p>\n<p><a href=\"http:\/\/ultimato.com.br\/sites\/jovem\/files\/2012\/11\/872370_spanish_sign_for_siesta.jpg\" class=\"lightview\" data-lightview-group=\"group-2240\" data-lightview-options=\"skin: 'dark', controls: 'relative', padding: '10', shadow: { color: '#000000', opacity: 0.08, blur: 3 }\" data-lightview-title=\"872370_spanish_sign_for_siesta\"><img loading=\"lazy\" decoding=\"async\" class=\"alignright size-full wp-image-2241\" title=\"872370_spanish_sign_for_siesta\" src=\"http:\/\/ultimato.com.br\/sites\/jovem\/files\/2012\/11\/872370_spanish_sign_for_siesta.jpg\" alt=\"\" width=\"300\" height=\"199\" srcset=\"https:\/\/ultimato.com.br\/sites\/jovem\/files\/2012\/11\/872370_spanish_sign_for_siesta.jpg 300w, https:\/\/ultimato.com.br\/sites\/jovem\/files\/2012\/11\/872370_spanish_sign_for_siesta-150x99.jpg 150w\" sizes=\"auto, (max-width: 300px) 100vw, 300px\" \/><\/a>Em janeiro de 2010 a humanidade presenciou uma trag\u00e9dia que seria, sem d\u00favida, uma das maiores de todos os tempos. O povo haitiano cruzava um vale escuro de perdas incont\u00e1veis e o mundo comovido, solidarizava-se. O famoso escritor portugu\u00eas e Nobel de literatura, Jos\u00e9 Saramago, em estado cr\u00edtico de sa\u00fade na \u00e9poca, pediu \u00e0 editora do seu livro <em>Uma Jangada de Pedra<\/em> que publicasse uma edi\u00e7\u00e3o especial para que toda a renda fosse revertida em favor dos haitianos.<\/p>\n<p>Hoje, quase tr\u00eas anos depois, livre da forte sensibilidade do momento, percebo o gesto de Saramago. A linda e vibrante descri\u00e7\u00e3o do livro dizia: \u201cPorque todos temos uma obriga\u00e7\u00e3o\u201d. Essa n\u00e3o foi para ele uma quest\u00e3o de escolha ou alternativa. Ecoou n\u00e3o como uma op\u00e7\u00e3o bela de um gesto de sensibilidade, mas avolumou-se como uma verdadeira miss\u00e3o. Vale lembrar, como o pr\u00f3prio Saramago disse certa vez: \u201c&#8230; somos a mem\u00f3ria que temos e a responsabilidade que assumimos. Sem mem\u00f3ria n\u00e3o existimos, sem responsabilidade talvez n\u00e3o mere\u00e7amos existir&#8230;\u201d. Todos temos um compromisso inadi\u00e1vel.<\/p>\n<p><!--more--><\/p>\n<p>A palavra que traduz essa atitude nas Sagradas Escrituras \u00e9 \u201cjusti\u00e7a\u201d. Justi\u00e7a \u00e9 um direito que o meu semelhante tem: o outro que n\u00e3o tem suas necessidades mais b\u00e1sicas, quando eu em abund\u00e2ncia possuo. Praticar a justi\u00e7a \u00e9 dar a cada um o que \u00e9 seu. N\u00e3o dar \u00e9 como negar ao beb\u00ea que acabara de nascer que seja amamentado. Isso \u00e9\u00a0sublime porque independe de teologias, of\u00edcios ou cren\u00e7as. Sem contar que fazer apenas nosso dever n\u00e3o nos eleva como grandes.<\/p>\n<p>N\u00e3o podemos dar nada que recompense, acrescente ou sirva de gratid\u00e3o ao Criador de tudo. Por isso \u00e9 que Ele pede que fa\u00e7amos aos seus pequeninos e isso \u00e9 como se fiz\u00e9ssemos a Ele. Deus, em sua gra\u00e7a, nos deu para repartirmos. Ter \u00e9 uma d\u00e1diva, assim como dar, \u00e9 gra\u00e7a, \u00e9 deixar manifestar em n\u00f3s o favor divino.<\/p>\n<p>Um antigo prov\u00e9rbio judaico dizia que \u201cquando salvamos uma vida, salvamos o mundo inteiro\u201d. Talvez esse seja o melhor momento para olharmos para o nosso povo. N\u00e3o \u00e9 uma mensagem nova, nem um esfor\u00e7o demasiadamente alto, muito menos precisamos ser super-her\u00f3is. Se honrarmos apenas a nossa responsabilidade, j\u00e1 \u201csalvamos\u201d o mundo.<\/p>\n<blockquote><p>Assim brilhe a luz de voc\u00eas diante dos homens, para que vejam as suas boas obras e glorifiquem ao Pai de voc\u00eas, que est\u00e1 nos c\u00e9us\u201d (Mt 5.16).<\/p><\/blockquote>\n<p>____________________<\/p>\n<p><strong>Mateus Oct\u00e1vio Alcantara<\/strong>\u00a0de Souza tem 20 anos, \u00e9 Bacharel em teologia e escreve no blog\u00a0<a href=\"http:\/\/mateusoctavio.blogspot.com.br\/\" target=\"_blank\">Medita\u00e7\u00f5es*<\/a><\/p>\n","protected":false},"excerpt":{"rendered":"<p>Por\u00a0Mateus Oct\u00e1vio Em janeiro de 2010 a humanidade presenciou uma trag\u00e9dia que seria, sem d\u00favida, uma das maiores de todos os tempos. O povo haitiano cruzava um vale escuro de perdas incont\u00e1veis e o mundo comovido, solidarizava-se. O famoso escritor portugu\u00eas e Nobel de literatura, Jos\u00e9 Saramago, em estado cr\u00edtico de sa\u00fade na \u00e9poca, pediu [&hellip;]<\/p>\n","protected":false},"author":19,"featured_media":0,"comment_status":"open","ping_status":"open","sticky":false,"template":"","format":"standard","meta":{"ngg_post_thumbnail":0,"footnotes":""},"categories":[6054],"tags":[],"class_list":["post-2240","post","type-post","status-publish","format-standard","hentry","category-textos"],"_links":{"self":[{"href":"https:\/\/ultimato.com.br\/sites\/jovem\/wp-json\/wp\/v2\/posts\/2240","targetHints":{"allow":["GET"]}}],"collection":[{"href":"https:\/\/ultimato.com.br\/sites\/jovem\/wp-json\/wp\/v2\/posts"}],"about":[{"href":"https:\/\/ultimato.com.br\/sites\/jovem\/wp-json\/wp\/v2\/types\/post"}],"author":[{"embeddable":true,"href":"https:\/\/ultimato.com.br\/sites\/jovem\/wp-json\/wp\/v2\/users\/19"}],"replies":[{"embeddable":true,"href":"https:\/\/ultimato.com.br\/sites\/jovem\/wp-json\/wp\/v2\/comments?post=2240"}],"version-history":[{"count":2,"href":"https:\/\/ultimato.com.br\/sites\/jovem\/wp-json\/wp\/v2\/posts\/2240\/revisions"}],"predecessor-version":[{"id":2243,"href":"https:\/\/ultimato.com.br\/sites\/jovem\/wp-json\/wp\/v2\/posts\/2240\/revisions\/2243"}],"wp:attachment":[{"href":"https:\/\/ultimato.com.br\/sites\/jovem\/wp-json\/wp\/v2\/media?parent=2240"}],"wp:term":[{"taxonomy":"category","embeddable":true,"href":"https:\/\/ultimato.com.br\/sites\/jovem\/wp-json\/wp\/v2\/categories?post=2240"},{"taxonomy":"post_tag","embeddable":true,"href":"https:\/\/ultimato.com.br\/sites\/jovem\/wp-json\/wp\/v2\/tags?post=2240"}],"curies":[{"name":"wp","href":"https:\/\/api.w.org\/{rel}","templated":true}]}}