{"id":2235,"date":"2012-11-05T08:21:18","date_gmt":"2012-11-05T11:21:18","guid":{"rendered":"http:\/\/ultimato.com.br\/sites\/jovem\/?p=2235"},"modified":"2012-11-05T08:22:50","modified_gmt":"2012-11-05T11:22:50","slug":"a-formacao-da-identidade-na-experiencia-de-pedro","status":"publish","type":"post","link":"https:\/\/ultimato.com.br\/sites\/jovem\/2012\/11\/05\/a-formacao-da-identidade-na-experiencia-de-pedro\/","title":{"rendered":"A forma\u00e7\u00e3o da identidade na experi\u00eancia de Pedro"},"content":{"rendered":"<p><em>Por Gustavo Ver\u00edssimo<\/em><\/p>\n<p><a href=\"http:\/\/ultimato.com.br\/sites\/jovem\/files\/2012\/11\/1163909_person_mirror.jpg\" class=\"lightview\" data-lightview-group=\"group-2235\" data-lightview-options=\"skin: 'dark', controls: 'relative', padding: '10', shadow: { color: '#000000', opacity: 0.08, blur: 3 }\" data-lightview-title=\"1163909_person_mirror\"><img loading=\"lazy\" decoding=\"async\" class=\"alignleft size-full wp-image-2236\" title=\"1163909_person_mirror\" src=\"http:\/\/ultimato.com.br\/sites\/jovem\/files\/2012\/11\/1163909_person_mirror.jpg\" alt=\"\" width=\"300\" height=\"168\" srcset=\"https:\/\/ultimato.com.br\/sites\/jovem\/files\/2012\/11\/1163909_person_mirror.jpg 300w, https:\/\/ultimato.com.br\/sites\/jovem\/files\/2012\/11\/1163909_person_mirror-150x84.jpg 150w\" sizes=\"auto, (max-width: 300px) 100vw, 300px\" \/><\/a>Todo ser humano vive uma crise de identidade. No caso dos ap\u00f3stolos, ela fica bastante evidente quando, no in\u00edcio do trabalho deles junto a Jesus, por mais de uma vez foram pegos discutindo entre si qual deles era o maior. N\u00e3o sabiam quem eram.<\/p>\n<p>A m\u00e3e de Tiago e Jo\u00e3o (que naquela ocasi\u00e3o eram chamados de \u201cfilhos do trov\u00e3o\u201d \u2013 n\u00e3o deviam ser f\u00e1ceis esses dois) foi pedir a Jesus um lugar de privil\u00e9gio e honra, acima dos outros, para os dois filhos quando Jesus assumisse o reino de Israel. Jesus responde: \u201cN\u00e3o sabeis o que pedis. Por acaso podeis v\u00f3s beber o c\u00e1lice que eu estou para beber?\u201d. Eles respondem: \u201cSim Senhor, podemos!\u201d. Ao que Jesus responde: \u201cPois bem. Voc\u00eas v\u00e3o beber\u201d. N\u00e3o sabiam quem eram, n\u00e3o sabiam o que estavam pedindo. E por isso erravam, eram injustos consigo mesmos e com os outros, e atra\u00edam ju\u00edzo sobre a pr\u00f3pria cabe\u00e7a por causa da petul\u00e2ncia que geralmente est\u00e1 associada a uma falsa ideia de si mesmo.<\/p>\n<p>No caso de Pedro, a crise de identidade se manifesta algumas vezes, mas de maneira profunda, quando ele nega a Jesus tr\u00eas vezes. Quando Jesus advertiu seus disc\u00edpulos de que era necess\u00e1rio que ele morresse pelos homens, e que ele tinha vindo pra isso, Pedro se disse comprometido com ele a ponto de, se preciso, perder a pr\u00f3pria vida por Jesus.<\/p>\n<p><!--more--><\/p>\n<p>Em<a href=\"http:\/\/www.bibliaonline.com.br\/nvi\/lc\/22\" target=\"_blank\"> Lc 22.31-32<\/a> Jesus fala a Pedro que ele passaria por prova\u00e7\u00e3o tamanha que foi necess\u00e1rio que o pr\u00f3prio Jesus rogasse para que Pedro n\u00e3o desfalecesse na f\u00e9. E Jesus tamb\u00e9m fala que ele passaria por uma transforma\u00e7\u00e3o (\u201c&#8230;quando tu te converteres&#8230;\u201d). A despeito das advert\u00eancias de Jesus, Pedro reafirma sua suposta coragem, dizendo-se pronto para ir com ele para a morte. Pedro estava prestes a ser confrontado com quem ele realmente era e Jesus sabia que essa seria uma experi\u00eancia muito pesada e dolorosa.<\/p>\n<p>Ap\u00f3s esse incidente, Jesus se retira para orar no jardim do Gets\u00eamani, levando consigo apenas Pedro, Tiago e Jo\u00e3o. No meio da madrugada, Judas vem com a guarda para prender Jesus. Quando os tr\u00eas disc\u00edpulos v\u00eaem o mestre sendo preso, fogem atemorizados. Todavia, Pedro segue de longe e se infiltra entre o pessoal que estava no p\u00e1tio do sumo sacerdote. Veja<a href=\"http:\/\/www.bibliaonline.com.br\/nvi\/lc\/22\" target=\"_blank\"> Lc 22.54-62<\/a>.<\/p>\n<p>Apenas Pedro e Jo\u00e3o estavam presentes neste incidente, o da tr\u00edplice nega\u00e7\u00e3o. N\u00e3o obstante, esse epis\u00f3dio est\u00e1 narrado nos quatro evangelhos. Muito possivelmente, o pr\u00f3prio Pedro fez quest\u00e3o de contar o que passou e sofreu aos evangelistas, inclusive a Lucas, que s\u00f3 veio a investigar essa hist\u00f3ria cerca de 30 anos ap\u00f3s a morte de Jesus, por ocasi\u00e3o do retorno de Paulo a Jerusal\u00e9m, quando este foi preso pela \u00faltima vez.<\/p>\n<p>Augusto Cury, em seu livro \u201c<a href=\"http:\/\/www.skoob.com.br\/livro\/7314-o-mestre-dos-mestres\" target=\"_blank\">An\u00e1lise da Intelig\u00eancia de Cristo \u2013 O Mestre dos mestres<\/a>\u201d, diz que \u201cPedro aprendeu com Cristo a dif\u00edcil arte de ser fiel \u00e0 sua pr\u00f3pria consci\u00eancia, a assumir seus erros e suas fragilidades\u201d.<\/p>\n<p>Jesus estava trabalhando na depura\u00e7\u00e3o da identidade de Pedro. No dia da ressurrei\u00e7\u00e3o, um anjo disse \u00e0s mulheres que chegaram ao t\u00famulo logo cedo: \u201c&#8230; ide, dizei aos seus disc\u00edpulos e a Pedro que Ele vai adiante de v\u00f3s para a Galileia, l\u00e1 o vereis\u201d. A preocupa\u00e7\u00e3o do anjo em lembr\u00e1-los para avisarem a todos, mas principalmente a Pedro, parece revelar que havia uma torcida pela restaura\u00e7\u00e3o dele. Muitos dias ap\u00f3s a ressurrei\u00e7\u00e3o, j\u00e1 nas margens do mar da Galileia, no norte da Palestina, Jesus lhes aparece novamente na beira do mar, chama Pedro \u00e0 parte e lhe pergunta por tr\u00eas vezes: \u201cSim\u00e3o Pedro, tu me amas?\u201d. Pedro responde: \u201cSim Senhor, tu sabes que eu te amo\u201d. Ent\u00e3o Jesus lhe d\u00e1 um tremendo mandato: \u201cApascenta as minhas ovelhas\u201d. Para quem tinha ouvido, cerca de um m\u00eas antes, a express\u00e3o \u201c&#8230; quando tu te converteres&#8230;\u201d, este era um bom sinal, ali\u00e1s, um bon\u00edssimo sinal. Jesus estava autorizando Pedro. \u00c9 como se ele dissesse: \u201cPedro, agora voc\u00ea est\u00e1 credenciado a ser um pastor\u201d. De repente, aquele homem confuso, inseguro, medroso, inconstante, se encontra em Jesus Cristo, descobre quem realmente \u00e9, tornando-se naquilo que era o prop\u00f3sito de Deus para sua vida.<\/p>\n<p>H\u00e1 uma frase de S\u00f3crates curiosa. Ele disse: \u201cTorna-te naquilo que j\u00e1 \u00e9s\u201d.<\/p>\n<p>Em <a href=\"http:\/\/www.bibliaonline.com.br\/nvi\/jo\/14\" target=\"_blank\">Jo 14.6<\/a>, Jesus diz: \u201cEu sou o caminho, e a verdade, e a vida; ningu\u00e9m vem ao Pai sen\u00e3o por mim\u201d. Em <a href=\"http:\/\/www.bibliaonline.com.br\/nvi\/jo\/8\" target=\"_blank\">Jo 8.32<\/a> Ele diz: \u201c&#8230; e conhecereis a verdade, e a verdade vos libertar\u00e1\u201d. E ainda, em <a href=\"http:\/\/www.bibliaonline.com.br\/nvi\/jo\/8\" target=\"_blank\">Jo 8.36<\/a> diz: \u201cSe, pois, o Filho vos libertar, verdadeiramente sereis livres\u201d.<\/p>\n<p>____________________<\/p>\n<p><strong>Gustavo Ver\u00edssimo<\/strong> \u00e9 engenheiro e professor universit\u00e1rio.<\/p>\n<p>Este texto \u00e9 parte de uma s\u00e9rie sobre a &#8216;identidade&#8217; composta por mais dois outros textos que ainda ser\u00e3o publicados neste blog.<\/p>\n","protected":false},"excerpt":{"rendered":"<p>Por Gustavo Ver\u00edssimo Todo ser humano vive uma crise de identidade. No caso dos ap\u00f3stolos, ela fica bastante evidente quando, no in\u00edcio do trabalho deles junto a Jesus, por mais de uma vez foram pegos discutindo entre si qual deles era o maior. N\u00e3o sabiam quem eram. A m\u00e3e de Tiago e Jo\u00e3o (que naquela [&hellip;]<\/p>\n","protected":false},"author":19,"featured_media":0,"comment_status":"open","ping_status":"open","sticky":false,"template":"","format":"standard","meta":{"ngg_post_thumbnail":0,"footnotes":""},"categories":[9,6054],"tags":[],"class_list":["post-2235","post","type-post","status-publish","format-standard","hentry","category-sem-categoria","category-textos"],"_links":{"self":[{"href":"https:\/\/ultimato.com.br\/sites\/jovem\/wp-json\/wp\/v2\/posts\/2235","targetHints":{"allow":["GET"]}}],"collection":[{"href":"https:\/\/ultimato.com.br\/sites\/jovem\/wp-json\/wp\/v2\/posts"}],"about":[{"href":"https:\/\/ultimato.com.br\/sites\/jovem\/wp-json\/wp\/v2\/types\/post"}],"author":[{"embeddable":true,"href":"https:\/\/ultimato.com.br\/sites\/jovem\/wp-json\/wp\/v2\/users\/19"}],"replies":[{"embeddable":true,"href":"https:\/\/ultimato.com.br\/sites\/jovem\/wp-json\/wp\/v2\/comments?post=2235"}],"version-history":[{"count":3,"href":"https:\/\/ultimato.com.br\/sites\/jovem\/wp-json\/wp\/v2\/posts\/2235\/revisions"}],"predecessor-version":[{"id":2238,"href":"https:\/\/ultimato.com.br\/sites\/jovem\/wp-json\/wp\/v2\/posts\/2235\/revisions\/2238"}],"wp:attachment":[{"href":"https:\/\/ultimato.com.br\/sites\/jovem\/wp-json\/wp\/v2\/media?parent=2235"}],"wp:term":[{"taxonomy":"category","embeddable":true,"href":"https:\/\/ultimato.com.br\/sites\/jovem\/wp-json\/wp\/v2\/categories?post=2235"},{"taxonomy":"post_tag","embeddable":true,"href":"https:\/\/ultimato.com.br\/sites\/jovem\/wp-json\/wp\/v2\/tags?post=2235"}],"curies":[{"name":"wp","href":"https:\/\/api.w.org\/{rel}","templated":true}]}}