{"id":2228,"date":"2012-11-02T08:00:43","date_gmt":"2012-11-02T11:00:43","guid":{"rendered":"http:\/\/ultimato.com.br\/sites\/jovem\/?p=2228"},"modified":"2012-11-05T07:15:13","modified_gmt":"2012-11-05T10:15:13","slug":"pense-o-logos-existe","status":"publish","type":"post","link":"https:\/\/ultimato.com.br\/sites\/jovem\/2012\/11\/02\/pense-o-logos-existe\/","title":{"rendered":"Pense: o Logos existe"},"content":{"rendered":"<p><em>Por Thiago Paix\u00e3o<\/em><\/p>\n<p><strong>Logos:<\/strong> Palavra, Verbo, Raz\u00e3o. O in\u00edcio, a causa de tudo, o tudo da causa, da nossa causa. Acreditamos, n\u00e3o por m\u00e9rito, mas por miseric\u00f3rdia. Cremos que Jesus \u00e9 &#8220;o que era, o que \u00e9, e o que vir\u00e1&#8221;. Trata-se de uma pessoa que, no pleno exerc\u00edcio de sua liberdade, decidiu &#8220;existir&#8221; em forma de gente. Atraente em sua personalidade, sua mente induzia seus ouvintes a pensar, a amar.<\/p>\n<p>Sim, eu acredito. Minha confiss\u00e3o \u00e9 &#8220;Jesus \u00e9 a raz\u00e3o de tudo, n\u00e3o a religi\u00e3o de todos&#8221;. A sujeira dos seus p\u00e9s me lembra desse Homem-Deus. Talvez, no simples ato de jogar bola descal\u00e7o eu me lembre mais vezes dessa verdade, da Verdade. \u00c9 s\u00f3 correr no ch\u00e3o que o Deus-Homem criou.<\/p>\n<p style=\"text-align: center;\"><a href=\"http:\/\/ultimato.com.br\/sites\/jovem\/files\/2012\/11\/1106139_draw_the_line.jpg\" class=\"lightview\" data-lightview-group=\"group-2228\" data-lightview-options=\"skin: 'dark', controls: 'relative', padding: '10', shadow: { color: '#000000', opacity: 0.08, blur: 3 }\" data-lightview-title=\"1106139_draw_the_line\"><img loading=\"lazy\" decoding=\"async\" class=\"size-full wp-image-2229 aligncenter\" title=\"1106139_draw_the_line\" src=\"http:\/\/ultimato.com.br\/sites\/jovem\/files\/2012\/11\/1106139_draw_the_line.jpg\" alt=\"\" width=\"300\" height=\"157\" srcset=\"https:\/\/ultimato.com.br\/sites\/jovem\/files\/2012\/11\/1106139_draw_the_line.jpg 300w, https:\/\/ultimato.com.br\/sites\/jovem\/files\/2012\/11\/1106139_draw_the_line-150x78.jpg 150w\" sizes=\"auto, (max-width: 300px) 100vw, 300px\" \/><\/a><\/p>\n<p style=\"text-align: center;\"><!--more--><\/p>\n<p style=\"text-align: left;\"><strong>Thiago Paix\u00e3o<\/strong>, 27 anos, \u00e9 professor universit\u00e1rio. Mora em Aracruz, ES, e publica o blog\u00a0<a href=\"http:\/\/thiagopx.blogspot.com.br\/\" target=\"_blank\">PX Pensando Alto!<\/a><\/p>\n","protected":false},"excerpt":{"rendered":"<p>Por Thiago Paix\u00e3o Logos: Palavra, Verbo, Raz\u00e3o. O in\u00edcio, a causa de tudo, o tudo da causa, da nossa causa. Acreditamos, n\u00e3o por m\u00e9rito, mas por miseric\u00f3rdia. Cremos que Jesus \u00e9 &#8220;o que era, o que \u00e9, e o que vir\u00e1&#8221;. Trata-se de uma pessoa que, no pleno exerc\u00edcio de sua liberdade, decidiu &#8220;existir&#8221; em [&hellip;]<\/p>\n","protected":false},"author":19,"featured_media":0,"comment_status":"open","ping_status":"open","sticky":false,"template":"","format":"standard","meta":{"ngg_post_thumbnail":0,"footnotes":""},"categories":[6054],"tags":[],"class_list":["post-2228","post","type-post","status-publish","format-standard","hentry","category-textos"],"_links":{"self":[{"href":"https:\/\/ultimato.com.br\/sites\/jovem\/wp-json\/wp\/v2\/posts\/2228","targetHints":{"allow":["GET"]}}],"collection":[{"href":"https:\/\/ultimato.com.br\/sites\/jovem\/wp-json\/wp\/v2\/posts"}],"about":[{"href":"https:\/\/ultimato.com.br\/sites\/jovem\/wp-json\/wp\/v2\/types\/post"}],"author":[{"embeddable":true,"href":"https:\/\/ultimato.com.br\/sites\/jovem\/wp-json\/wp\/v2\/users\/19"}],"replies":[{"embeddable":true,"href":"https:\/\/ultimato.com.br\/sites\/jovem\/wp-json\/wp\/v2\/comments?post=2228"}],"version-history":[{"count":4,"href":"https:\/\/ultimato.com.br\/sites\/jovem\/wp-json\/wp\/v2\/posts\/2228\/revisions"}],"predecessor-version":[{"id":2232,"href":"https:\/\/ultimato.com.br\/sites\/jovem\/wp-json\/wp\/v2\/posts\/2228\/revisions\/2232"}],"wp:attachment":[{"href":"https:\/\/ultimato.com.br\/sites\/jovem\/wp-json\/wp\/v2\/media?parent=2228"}],"wp:term":[{"taxonomy":"category","embeddable":true,"href":"https:\/\/ultimato.com.br\/sites\/jovem\/wp-json\/wp\/v2\/categories?post=2228"},{"taxonomy":"post_tag","embeddable":true,"href":"https:\/\/ultimato.com.br\/sites\/jovem\/wp-json\/wp\/v2\/tags?post=2228"}],"curies":[{"name":"wp","href":"https:\/\/api.w.org\/{rel}","templated":true}]}}