{"id":2213,"date":"2012-10-26T15:06:20","date_gmt":"2012-10-26T18:06:20","guid":{"rendered":"http:\/\/ultimato.com.br\/sites\/jovem\/?p=2213"},"modified":"2012-10-26T15:06:20","modified_gmt":"2012-10-26T18:06:20","slug":"que-tal-fazer-de-2013-um-ano-especial","status":"publish","type":"post","link":"https:\/\/ultimato.com.br\/sites\/jovem\/2012\/10\/26\/que-tal-fazer-de-2013-um-ano-especial\/","title":{"rendered":"Que tal fazer de 2013 um ano especial?"},"content":{"rendered":"<p style=\"text-align: left;\">N\u00f3s passamos pelas lojas, supermercados, shoppings, e l\u00e1 est\u00e3o eles por toda a parte. Sim, caros leitores. J\u00e1 podemos ver &#8220;papai-noel&#8221; espalhados pelas ruas. Da\u00ed pensamos: Chegamos no fim do ano, embora ainda falte pouco mais de dois meses para a data oficial.<\/p>\n<p style=\"text-align: left;\">Ent\u00e3o, o que voc\u00ea acha de come\u00e7ar bem o ano de 2013? <strong>Ultimato<\/strong> e o <a href=\"www.cem.org.br\" target=\"_blank\">Centro Evang\u00e9lico de Miss\u00f5es<\/a> (CEM) tem o prazer de te convidar para o<strong> 8\u00ba Encontro Mission\u00e1rio Estudantil e Profissional<\/strong> (EMEP). A programa\u00e7\u00e3o para o ano que vem est\u00e1 repleta de coisa boa, tudo isso durante os dias de carnaval, pra n\u00e3o ter desculpas pra n\u00e3o vir&#8230;<\/p>\n<p style=\"text-align: center;\"><a href=\"http:\/\/ultimato.com.br\/sites\/jovem\/files\/2012\/10\/emep.jpg\" class=\"lightview\" data-lightview-group=\"group-2213\" data-lightview-options=\"skin: 'dark', controls: 'relative', padding: '10', shadow: { color: '#000000', opacity: 0.08, blur: 3 }\" data-lightview-title=\"emep\"><img loading=\"lazy\" decoding=\"async\" class=\"aligncenter  wp-image-2215\" title=\"emep\" src=\"http:\/\/ultimato.com.br\/sites\/jovem\/files\/2012\/10\/emep.jpg\" alt=\"\" width=\"565\" height=\"188\" srcset=\"https:\/\/ultimato.com.br\/sites\/jovem\/files\/2012\/10\/emep.jpg 785w, https:\/\/ultimato.com.br\/sites\/jovem\/files\/2012\/10\/emep-300x99.jpg 300w, https:\/\/ultimato.com.br\/sites\/jovem\/files\/2012\/10\/emep-150x49.jpg 150w\" sizes=\"auto, (max-width: 565px) 100vw, 565px\" \/><\/a><\/p>\n<p style=\"text-align: left;\"><!--more--><\/p>\n<p style=\"text-align: left;\">Esse ano, o tema do EMEP ser\u00e1 &#8220;&#8230; e seguir novos rumos&#8221;. Programe-se para viver momentos de muito estudo e amizades na cidade de Vi\u00e7osa (MG). Todas as informa\u00e7\u00f5es que voc\u00ea precisa saber sobre o evento voc\u00ea encontra <a href=\"http:\/\/www.cem.org.br\/site\/cursos\/curta-duracao\/emep\/programa-do-emep-2011\/\" target=\"_blank\">aqui<\/a> e no banner abaixo. E a\u00ed, vai ficar a\u00ed s\u00f3 pensando?<\/p>\n<p style=\"text-align: left;\">Fa\u00e7a logo a sua <a href=\"http:\/\/www.cem.org.br\/site\/cursos\/curta-duracao\/emep\/ficha-de-inscricao\/\" target=\"_blank\">inscri\u00e7\u00e3o<\/a>.<\/p>\n<p style=\"text-align: center;\"><a href=\"http:\/\/ultimato.com.br\/sites\/jovem\/files\/2012\/10\/emep_2013.jpg\" class=\"lightview\" data-lightview-group=\"group-2213\" data-lightview-options=\"skin: 'dark', controls: 'relative', padding: '10', shadow: { color: '#000000', opacity: 0.08, blur: 3 }\" data-lightview-title=\"emep_2013\"><img loading=\"lazy\" decoding=\"async\" class=\"aligncenter  wp-image-2214\" title=\"emep_2013\" src=\"http:\/\/ultimato.com.br\/sites\/jovem\/files\/2012\/10\/emep_2013.jpg\" alt=\"\" width=\"531\" height=\"339\" srcset=\"https:\/\/ultimato.com.br\/sites\/jovem\/files\/2012\/10\/emep_2013.jpg 885w, https:\/\/ultimato.com.br\/sites\/jovem\/files\/2012\/10\/emep_2013-300x191.jpg 300w, https:\/\/ultimato.com.br\/sites\/jovem\/files\/2012\/10\/emep_2013-150x95.jpg 150w\" sizes=\"auto, (max-width: 531px) 100vw, 531px\" \/><\/a><\/p>\n","protected":false},"excerpt":{"rendered":"<p>N\u00f3s passamos pelas lojas, supermercados, shoppings, e l\u00e1 est\u00e3o eles por toda a parte. Sim, caros leitores. J\u00e1 podemos ver &#8220;papai-noel&#8221; espalhados pelas ruas. Da\u00ed pensamos: Chegamos no fim do ano, embora ainda falte pouco mais de dois meses para a data oficial. Ent\u00e3o, o que voc\u00ea acha de come\u00e7ar bem o ano de 2013? [&hellip;]<\/p>\n","protected":false},"author":19,"featured_media":0,"comment_status":"open","ping_status":"open","sticky":false,"template":"","format":"standard","meta":{"ngg_post_thumbnail":0,"footnotes":""},"categories":[10182,9],"tags":[],"class_list":["post-2213","post","type-post","status-publish","format-standard","hentry","category-boto-fe","category-sem-categoria"],"_links":{"self":[{"href":"https:\/\/ultimato.com.br\/sites\/jovem\/wp-json\/wp\/v2\/posts\/2213","targetHints":{"allow":["GET"]}}],"collection":[{"href":"https:\/\/ultimato.com.br\/sites\/jovem\/wp-json\/wp\/v2\/posts"}],"about":[{"href":"https:\/\/ultimato.com.br\/sites\/jovem\/wp-json\/wp\/v2\/types\/post"}],"author":[{"embeddable":true,"href":"https:\/\/ultimato.com.br\/sites\/jovem\/wp-json\/wp\/v2\/users\/19"}],"replies":[{"embeddable":true,"href":"https:\/\/ultimato.com.br\/sites\/jovem\/wp-json\/wp\/v2\/comments?post=2213"}],"version-history":[{"count":2,"href":"https:\/\/ultimato.com.br\/sites\/jovem\/wp-json\/wp\/v2\/posts\/2213\/revisions"}],"predecessor-version":[{"id":2217,"href":"https:\/\/ultimato.com.br\/sites\/jovem\/wp-json\/wp\/v2\/posts\/2213\/revisions\/2217"}],"wp:attachment":[{"href":"https:\/\/ultimato.com.br\/sites\/jovem\/wp-json\/wp\/v2\/media?parent=2213"}],"wp:term":[{"taxonomy":"category","embeddable":true,"href":"https:\/\/ultimato.com.br\/sites\/jovem\/wp-json\/wp\/v2\/categories?post=2213"},{"taxonomy":"post_tag","embeddable":true,"href":"https:\/\/ultimato.com.br\/sites\/jovem\/wp-json\/wp\/v2\/tags?post=2213"}],"curies":[{"name":"wp","href":"https:\/\/api.w.org\/{rel}","templated":true}]}}