{"id":2208,"date":"2012-10-24T09:09:35","date_gmt":"2012-10-24T12:09:35","guid":{"rendered":"http:\/\/ultimato.com.br\/sites\/jovem\/?p=2208"},"modified":"2012-10-24T09:09:35","modified_gmt":"2012-10-24T12:09:35","slug":"ao-dizer-que-tudo-e-relativo-crio-o-absoluto-mas-onde-esta-a-verdade","status":"publish","type":"post","link":"https:\/\/ultimato.com.br\/sites\/jovem\/2012\/10\/24\/ao-dizer-que-tudo-e-relativo-crio-o-absoluto-mas-onde-esta-a-verdade\/","title":{"rendered":"Ao dizer que tudo \u00e9 relativo, crio o absoluto. Mas, onde est\u00e1 a verdade?"},"content":{"rendered":"<p><em>Por\u00a0Antognoni Misael<\/em><\/p>\n<p><a href=\"http:\/\/ultimato.com.br\/sites\/jovem\/files\/2012\/10\/734189_me_myself_and_again.jpg\" class=\"lightview\" data-lightview-group=\"group-2208\" data-lightview-options=\"skin: 'dark', controls: 'relative', padding: '10', shadow: { color: '#000000', opacity: 0.08, blur: 3 }\" data-lightview-title=\"734189_me_myself_and_again\"><img loading=\"lazy\" decoding=\"async\" class=\"alignleft size-full wp-image-2209\" title=\"734189_me_myself_and_again\" src=\"http:\/\/ultimato.com.br\/sites\/jovem\/files\/2012\/10\/734189_me_myself_and_again.jpg\" alt=\"\" width=\"168\" height=\"300\" srcset=\"https:\/\/ultimato.com.br\/sites\/jovem\/files\/2012\/10\/734189_me_myself_and_again.jpg 168w, https:\/\/ultimato.com.br\/sites\/jovem\/files\/2012\/10\/734189_me_myself_and_again-84x150.jpg 84w\" sizes=\"auto, (max-width: 168px) 100vw, 168px\" \/><\/a>\u201cSe permanecerdes na minha palavra, sois verdadeiramente meus disc\u00edpulos; e conhecereis a verdade, e a verdade vos libertar\u00e1\u201d. (Jo 8.31-32)<\/p>\n<p>Esta passagem \u00e9 oportuna visto que vivemos em uma \u00e9poca chamada \u201cp\u00f3s-modernidade\u201d onde um dos maiores clich\u00eas \u00e9 afirmar que a \u201cverdade absoluta n\u00e3o existe\u201d. Tudo \u00e9 relativo! Entretanto, Jesus Cristo, h\u00e1 mais de dois mil anos, nos deixou a revela\u00e7\u00e3o de que a verdade existe sim e tem um poder extraordin\u00e1rio: libertar o homem.<\/p>\n<p>Talvez voc\u00ea n\u00e3o tenha compreendido realmente o porqu\u00ea dessa \u00e9poca ser chamada p\u00f3s-moderna. Talvez nem acredite nesta teoria ou a considere distante de sua realidade. Mas o que ocorre, de fato, \u00e9 que n\u00f3s, muitas vezes sem percebermos, somos influenciados por tal concep\u00e7\u00e3o.<\/p>\n<p>Antes de tirarmos algumas li\u00e7\u00f5es do texto, gostaria de fazer uma breve retrospectiva do pensamento hist\u00f3rico-filos\u00f3fico do iluminismo at\u00e9 os dias atuais.<\/p>\n<p><!--more--><\/p>\n<p>No iluminismo a raz\u00e3o passou a tomar o lugar da f\u00e9. Os pensadores modernos rejeitaram, em sua maioria, o car\u00e1ter metaf\u00edsico e se opuseram totalmente aos pressupostos sociais, econ\u00f4micos e religiosos da Igreja Cat\u00f3lica no per\u00edodo medieval \u2013 com certa compreens\u00e3o, visto que mediante os abusos da igreja, a Palavra de Deus j\u00e1 havia sido distorcida. Os iluministas passaram ent\u00e3o a viver baseado no experimento, no amor ao conhecimento e ao pr\u00f3prio ego.<\/p>\n<p>Fincado na raz\u00e3o, enquanto Immanuel Kant dizia: \u201ctoda reforma interior e toda mudan\u00e7a para melhor dependem exclusivamente da aplica\u00e7\u00e3o do nosso pr\u00f3prio esfor\u00e7o\u201d, as palavras de Jesus ecoavam e ainda se fazem ecoar rompendo gera\u00e7\u00f5es ao dizer: \u201csem mim, nada podeis fazer\u201d (Jo 15.5).<\/p>\n<p>Os avan\u00e7os tecnol\u00f3gicos vieram nos s\u00e9culos seguintes. Mas a crise estava por vir no s\u00e9culo 20. A racionalidade presa \u00e0 tecnologia legou duas grandes guerras mundiais. Relatos dizem que Einstein chorou ao saber das criancinhas mortas pelo brutal efeito de sua inven\u00e7\u00e3o, a bomba at\u00f4mica. Era isso que a raz\u00e3o nos traria?<\/p>\n<p>A racionalidade fincada no homem sempre culminar\u00e1 em morte, pois existe algo mais profundo que a ess\u00eancia humanista sempre rejeitar\u00e1: o pr\u00f3prio conceito de pecado. Ele entrou no mundo, e com ele, a morte.<\/p>\n<p>Os p\u00f3s-modernos tentaram solucionar esta decep\u00e7\u00e3o com a raz\u00e3o por meio de outro tormento: a aus\u00eancia da verdade. O fil\u00f3sofo Michel Foucault discorreu muito sobre isso em suas v\u00e1rias obras. Contudo, esse caminho passou a ser frustrante, pois, se a verdade n\u00e3o existe, at\u00e9 o pr\u00f3prio discurso de Foucault \u00e9 uma mentira. Sendo assim, a vida passa a n\u00e3o ter sentido. A verdade de cada indiv\u00edduo n\u00e3o \u00e9 constru\u00edda em uma centralidade harmonizada, mas requintada de uma natureza corrompida. Uma verdade capenga, cheia de incertezas, e mais que isso, uma verdade em constante metamorfose.<\/p>\n<p>A felicidade passa a ser uma busca ilus\u00f3ria. Portanto, passa-se a crer que uma verdade absoluta n\u00e3o \u00e9 poss\u00edvel, a n\u00e3o ser como algo vol\u00e1til, antiquado. Certamente isso tornar\u00e1 a vida v\u00e3, onde a celebra\u00e7\u00e3o do m\u00f3vel realmente comprovar\u00e1 que neste sistema os indiv\u00edduos p\u00f3s-modernos substituem \u201cos poucos relacionamentos profundos por uma profus\u00e3o de contatos poucos consistentes e superficiais\u201d como diz o soci\u00f3logo Bauman.<\/p>\n<p>\u00c9 isso que voc\u00ea quer pra sua vida? Algo transit\u00f3rio, sem nexo algum, onde o ato de relativizar tudo \u00e9 algo que por si s\u00f3 gera um absoluto t\u00e3o rejeitado? \u00c9 este tipo de rela\u00e7\u00e3o que voc\u00ea quer viver junto com o seu pr\u00f3ximo?<\/p>\n<p>Queridos, notemos que Cristo disse \u201cconhecereis a verdade, e a verdade vos libertar\u00e1\u201d. Ele pr\u00f3prio se apresentou como a Verdade. O ato de conhec\u00ea-lo leva-nos a olhar para dentro de n\u00f3s e fazermos um exame, n\u00e3o pra sabermos se somos um sujeito da \u00e9poca do iluminismo, sociol\u00f3gico ou p\u00f3s-moderno, mas para reconhecer que herdamos dentro de nosso ser algo chamado pecado. Se Rousseau acreditava que o homem era bom por natureza, e muitos chegaram a crer nisto, a Palavra j\u00e1 dizia o inverso: \u201csomos pecadores, separados de Deus e carecemos dEle\u201d (Rm 3.23). Qual o mais \u00f3bvio?<\/p>\n<p>Esta Verdade nos faz enxergar que muito embora alguns fil\u00f3sofos e pensadores tenham um caso de amor com representa\u00e7\u00f5es constru\u00eddas, e que elas mudam de tempos em tempos, a ess\u00eancia do homem continua a mesma. E isto \u00e9 fato! O homem continua a fazer o mal ao seu pr\u00f3ximo, continua a cometer adult\u00e9rio, continua a desafiar a cria\u00e7\u00e3o, continua se rebelando contra Deus. Por isso Cristo sempre ser\u00e1 a Verdade! Conhecendo-o seremos novas pessoas que ver\u00e3o as coisas de outra forma. E a liberdade se far\u00e1 dentro de n\u00f3s!<\/p>\n<p>____________________<\/p>\n<p><strong>Antognoni Misael<\/strong>\u00a0\u00e9 professor de m\u00fasica (UFPB) , historiador (UEPB), membro da Igreja Presbiteriana do Brasil (Guarabira-PB) e escreve no blog \u201c<a href=\"http:\/\/www.artedechocar.com\/\" target=\"_blank\">arte de chocar<\/a>\u201c. Texto originalmente publicado no blog do autor. Direitos reservados. Reprodu\u00e7\u00e3o autorizada.<\/p>\n<p>&nbsp;<\/p>\n","protected":false},"excerpt":{"rendered":"<p>Por\u00a0Antognoni Misael \u201cSe permanecerdes na minha palavra, sois verdadeiramente meus disc\u00edpulos; e conhecereis a verdade, e a verdade vos libertar\u00e1\u201d. (Jo 8.31-32) Esta passagem \u00e9 oportuna visto que vivemos em uma \u00e9poca chamada \u201cp\u00f3s-modernidade\u201d onde um dos maiores clich\u00eas \u00e9 afirmar que a \u201cverdade absoluta n\u00e3o existe\u201d. Tudo \u00e9 relativo! Entretanto, Jesus Cristo, h\u00e1 mais [&hellip;]<\/p>\n","protected":false},"author":19,"featured_media":0,"comment_status":"open","ping_status":"open","sticky":false,"template":"","format":"standard","meta":{"ngg_post_thumbnail":0,"footnotes":""},"categories":[6054],"tags":[],"class_list":["post-2208","post","type-post","status-publish","format-standard","hentry","category-textos"],"_links":{"self":[{"href":"https:\/\/ultimato.com.br\/sites\/jovem\/wp-json\/wp\/v2\/posts\/2208","targetHints":{"allow":["GET"]}}],"collection":[{"href":"https:\/\/ultimato.com.br\/sites\/jovem\/wp-json\/wp\/v2\/posts"}],"about":[{"href":"https:\/\/ultimato.com.br\/sites\/jovem\/wp-json\/wp\/v2\/types\/post"}],"author":[{"embeddable":true,"href":"https:\/\/ultimato.com.br\/sites\/jovem\/wp-json\/wp\/v2\/users\/19"}],"replies":[{"embeddable":true,"href":"https:\/\/ultimato.com.br\/sites\/jovem\/wp-json\/wp\/v2\/comments?post=2208"}],"version-history":[{"count":3,"href":"https:\/\/ultimato.com.br\/sites\/jovem\/wp-json\/wp\/v2\/posts\/2208\/revisions"}],"predecessor-version":[{"id":2212,"href":"https:\/\/ultimato.com.br\/sites\/jovem\/wp-json\/wp\/v2\/posts\/2208\/revisions\/2212"}],"wp:attachment":[{"href":"https:\/\/ultimato.com.br\/sites\/jovem\/wp-json\/wp\/v2\/media?parent=2208"}],"wp:term":[{"taxonomy":"category","embeddable":true,"href":"https:\/\/ultimato.com.br\/sites\/jovem\/wp-json\/wp\/v2\/categories?post=2208"},{"taxonomy":"post_tag","embeddable":true,"href":"https:\/\/ultimato.com.br\/sites\/jovem\/wp-json\/wp\/v2\/tags?post=2208"}],"curies":[{"name":"wp","href":"https:\/\/api.w.org\/{rel}","templated":true}]}}