{"id":2187,"date":"2012-10-15T09:18:43","date_gmt":"2012-10-15T12:18:43","guid":{"rendered":"http:\/\/ultimato.com.br\/sites\/jovem\/?p=2187"},"modified":"2012-10-15T09:21:06","modified_gmt":"2012-10-15T12:21:06","slug":"cristaos-alienigenas","status":"publish","type":"post","link":"https:\/\/ultimato.com.br\/sites\/jovem\/2012\/10\/15\/cristaos-alienigenas\/","title":{"rendered":"Crist\u00e3os alien\u00edgenas"},"content":{"rendered":"<p><em>Por Alan C\u00e9sar<\/em><\/p>\n<p><a href=\"http:\/\/ultimato.com.br\/sites\/jovem\/files\/2012\/10\/deserto1.jpg\" class=\"lightview\" data-lightview-group=\"group-2187\" data-lightview-options=\"skin: 'dark', controls: 'relative', padding: '10', shadow: { color: '#000000', opacity: 0.08, blur: 3 }\" data-lightview-title=\"deserto1\"><img loading=\"lazy\" decoding=\"async\" class=\"alignright size-medium wp-image-2188\" title=\"deserto1\" src=\"http:\/\/ultimato.com.br\/sites\/jovem\/files\/2012\/10\/deserto1-300x204.jpg\" alt=\"\" width=\"300\" height=\"204\" srcset=\"https:\/\/ultimato.com.br\/sites\/jovem\/files\/2012\/10\/deserto1-300x204.jpg 300w, https:\/\/ultimato.com.br\/sites\/jovem\/files\/2012\/10\/deserto1-150x102.jpg 150w, https:\/\/ultimato.com.br\/sites\/jovem\/files\/2012\/10\/deserto1.jpg 419w\" sizes=\"auto, (max-width: 300px) 100vw, 300px\" \/><\/a>&#8220;<em>Amados, insisto em que, como estrangeiros e peregrinos no mundo, voc\u00eas se abstenham dos desejos carnais que guerreiam contra a alma<\/em>&#8220;. 1Pedro 2:11<\/p>\n<p>Eu gosto de 1\u00ba Pedro 2 na vers\u00e3o em ingl\u00eas (n\u00e3o na KingJames, mas na NVI), pois a palavra em ingl\u00eas que ela usa para peregrino \u00e9 a mesma que n\u00f3s conhecemos como alien\u00edgena, ou seja, extraterrestres.<\/p>\n<p>&#8220;Dear friends, I urge you, as <em>aliens<\/em><em> <\/em>and strangers in the world, to abstain from sinful desires, which war against your soul&#8221;. 1 Peter 2:11<\/p>\n<p>Parece que perdemos esse princ\u00edpio crist\u00e3o de que somos seres &#8220;extraterrestres&#8221;. Somos peregrinos nesse mundo, mas muitos n\u00e3o vivem como tal. Alguns (ou muitos) fizeram o que os amigos \u00edntimos de Jesus queriam fazer no monte da transfigura\u00e7\u00e3o: constru\u00edram tendas, fixaram estacas e atearam a verdadeira bandeira que traduzia o que havia em seus cora\u00e7\u00f5es: &#8220;daqui eu n\u00e3o saio, daqui ningu\u00e9m me tira&#8221;.<\/p>\n<p><!--more--><\/p>\n<p>Muitos acham que vieram pra ficar. Se esquecem que est\u00e3o de passagem. Vivem presos\u00a0na corrida incans\u00e1vel pela compra da sensa\u00e7\u00e3o de bem-estar e, no final, esse estilo de vida s\u00f3 serve para provar que eles, na verdade, n\u00e3o acreditam muito em uma\u00a0p\u00e1tria\u00a0al\u00e9m.<\/p>\n<h4 class=\"error\" style=\"text-align: center;\"><span style=\"color: #000080;\"><strong>Thomas Wilson dizia que &#8220;ningu\u00e9m vai para o c\u00e9u se j\u00e1 n\u00e3o enviou para l\u00e1 seu cora\u00e7\u00e3o&#8221;.<\/strong><\/span><\/h4>\n<p>Na l\u00edngua portuguesa, quando Pedro escreve &#8220;peregrinos&#8221; e &#8220;forasteiros&#8221;, temos a ideia de que o ap\u00f3stolo est\u00e1 sendo redundante, pois essas palavras s\u00e3o pra n\u00f3s sin\u00f4nimas e de pouca ou nenhuma diferen\u00e7a.<\/p>\n<p>Mas no grego n\u00e3o \u00e9 assim. Pedro usa palavras diferentes, sendo que com rela\u00e7\u00e3o a &#8220;peregrinos&#8221;, se refere a algu\u00e9m que est\u00e1 hospedado em uma casa por um curto per\u00edodo de tempo. J\u00e1 a palavra \u201cforasteiro\u201d diz respeito a algu\u00e9m que \u00e9 estrangeiro em um pa\u00eds.<\/p>\n<p>Isso me faz lembrar que somos peregrinos na casa que habitamos, o nosso corpo corrupt\u00edvel. Esse, decididamente, n\u00e3o \u00e9 o nosso corpo permanente. Por vezes nos esquecemos que essa casa (corpo) \u00e9 passageira, que n\u00e3o foi feita para durar pra sempre. O corpo vai ficar doente, vai sofrer\u2026\u00a0 A degrada\u00e7\u00e3o \u00e9 autom\u00e1tica e inevit\u00e1vel, assim como \u00e9 autom\u00e1tica a habita\u00e7\u00e3o do novo corpo, que \u00e9 glorificado e, por isso, \u00e9 eterno.<\/p>\n<p>Tamb\u00e9m somos forasteiros nesse pa\u00eds. N\u00e3o podemos ganhar os moldes do mundo e se conformar com suas aberra\u00e7\u00f5es. N\u00e3o somos dessa terra, mas sim, extraterrestres. Estamos de passagem!<\/p>\n<p>Com esta aplica\u00e7\u00e3o sobre ser forasteiro e ser peregrino podemos dizer que somos peregrinos tanto dentro desse corpo como tamb\u00e9m dentro do lugar onde habita o corpo.<\/p>\n<p>Precisamos urgentemente viver como seres extraterrestres. N\u00e3o somos desse mundo, desse planeta, desse pa\u00eds\u2026 Dessa forma, n\u00e3o podemos nos parecer com ele, n\u00e3o podemos criar ra\u00edzes.<\/p>\n<blockquote><p>Somos passageiros de um \u00f4nibus que n\u00e3o para em nenhum ponto\u201d.<\/p><\/blockquote>\n<p>Quero resgatar o significado da imagem do povo de Israel em meio ao deserto. Quero me lembrar sempre que n\u00e3o \u00e9 s\u00f3 o tempo que passa.<\/p>\n<p>Sei que estamos no mundo, pois foi Jesus mesmo quem nos deixou aqui. Ent\u00e3o:<\/p>\n<blockquote><p>Usemos o mundo, mas deleitemo-nos no Senhor\u201d. Thomas Adams<\/p><\/blockquote>\n<p>____________________<\/p>\n<p>Alan C\u00e9sar Corr\u00eaa, 31 anos, cursando 4\u00b0 ano de bacharel em teologia<\/p>\n<p>&nbsp;<\/p>\n","protected":false},"excerpt":{"rendered":"<p>Por Alan C\u00e9sar &#8220;Amados, insisto em que, como estrangeiros e peregrinos no mundo, voc\u00eas se abstenham dos desejos carnais que guerreiam contra a alma&#8220;. 1Pedro 2:11 Eu gosto de 1\u00ba Pedro 2 na vers\u00e3o em ingl\u00eas (n\u00e3o na KingJames, mas na NVI), pois a palavra em ingl\u00eas que ela usa para peregrino \u00e9 a mesma [&hellip;]<\/p>\n","protected":false},"author":19,"featured_media":0,"comment_status":"open","ping_status":"open","sticky":false,"template":"","format":"standard","meta":{"ngg_post_thumbnail":0,"footnotes":""},"categories":[6054],"tags":[],"class_list":["post-2187","post","type-post","status-publish","format-standard","hentry","category-textos"],"_links":{"self":[{"href":"https:\/\/ultimato.com.br\/sites\/jovem\/wp-json\/wp\/v2\/posts\/2187","targetHints":{"allow":["GET"]}}],"collection":[{"href":"https:\/\/ultimato.com.br\/sites\/jovem\/wp-json\/wp\/v2\/posts"}],"about":[{"href":"https:\/\/ultimato.com.br\/sites\/jovem\/wp-json\/wp\/v2\/types\/post"}],"author":[{"embeddable":true,"href":"https:\/\/ultimato.com.br\/sites\/jovem\/wp-json\/wp\/v2\/users\/19"}],"replies":[{"embeddable":true,"href":"https:\/\/ultimato.com.br\/sites\/jovem\/wp-json\/wp\/v2\/comments?post=2187"}],"version-history":[{"count":4,"href":"https:\/\/ultimato.com.br\/sites\/jovem\/wp-json\/wp\/v2\/posts\/2187\/revisions"}],"predecessor-version":[{"id":2191,"href":"https:\/\/ultimato.com.br\/sites\/jovem\/wp-json\/wp\/v2\/posts\/2187\/revisions\/2191"}],"wp:attachment":[{"href":"https:\/\/ultimato.com.br\/sites\/jovem\/wp-json\/wp\/v2\/media?parent=2187"}],"wp:term":[{"taxonomy":"category","embeddable":true,"href":"https:\/\/ultimato.com.br\/sites\/jovem\/wp-json\/wp\/v2\/categories?post=2187"},{"taxonomy":"post_tag","embeddable":true,"href":"https:\/\/ultimato.com.br\/sites\/jovem\/wp-json\/wp\/v2\/tags?post=2187"}],"curies":[{"name":"wp","href":"https:\/\/api.w.org\/{rel}","templated":true}]}}