{"id":2176,"date":"2012-10-12T08:00:45","date_gmt":"2012-10-12T11:00:45","guid":{"rendered":"http:\/\/ultimato.com.br\/sites\/jovem\/?p=2176"},"modified":"2012-10-11T14:25:18","modified_gmt":"2012-10-11T17:25:18","slug":"encontros-undergrounds","status":"publish","type":"post","link":"https:\/\/ultimato.com.br\/sites\/jovem\/2012\/10\/12\/encontros-undergrounds\/","title":{"rendered":"Encontros undergrounds"},"content":{"rendered":"<p>&nbsp;<\/p>\n<p><a href=\"http:\/\/ultimato.com.br\/sites\/jovem\/files\/2012\/10\/underground.jpg\" class=\"lightview\" data-lightview-group=\"group-2176\" data-lightview-options=\"skin: 'dark', controls: 'relative', padding: '10', shadow: { color: '#000000', opacity: 0.08, blur: 3 }\" data-lightview-title=\"underground\"><img loading=\"lazy\" decoding=\"async\" class=\"alignright size-full wp-image-2180\" title=\"underground\" src=\"http:\/\/ultimato.com.br\/sites\/jovem\/files\/2012\/10\/underground.jpg\" alt=\"\" width=\"225\" height=\"300\" srcset=\"https:\/\/ultimato.com.br\/sites\/jovem\/files\/2012\/10\/underground.jpg 225w, https:\/\/ultimato.com.br\/sites\/jovem\/files\/2012\/10\/underground-112x150.jpg 112w\" sizes=\"auto, (max-width: 225px) 100vw, 225px\" \/><\/a>Voc\u00ea sabia que a <a href=\"http:\/\/www.portasabertas.org.br\/\" target=\"_blank\">Miss\u00e3o Portas Abertas<\/a> tem um minist\u00e9rio s\u00f3 para jovens? Estamos nos referindo ao &#8220;<a href=\"http:\/\/www.underground.org.br\/\" target=\"_blank\">underground<\/a>&#8220;, que h\u00e1 mais de onze anos desafia\u00a0a juventude brasileira a agir em favor da Igreja perseguida.<\/p>\n<p>De acordo com a lideran\u00e7a do minist\u00e9rio, temos que fazer o que est\u00e1 ao nosso alcance para servir aos crist\u00e3os perseguidos, uma vez que somos parte do corpo de Cristo. Eis que surge a principal &#8220;arma&#8221; que possu\u00edmos, mas n\u00e3o t\u00e3o usada assim: a ora\u00e7\u00e3o.<\/p>\n<p>Este \u00e9 o principal pedido de nossos irm\u00e3os e o m\u00ednimo e o m\u00e1ximo que podemos fazer. Por isso, <strong>Portas Abertas<\/strong> lan\u00e7a o convite e <strong>Ultimato Jovem<\/strong> refor\u00e7a: participe das reuni\u00f5es de ora\u00e7\u00e3o do minist\u00e9rio &#8220;underground&#8221; que acontecem no m\u00eas de outubro no Brasil inteiro. Sinta-se desafiado pelos testemunhos da Igreja Perseguida e, junto com jovens de v\u00e1rias igrejas diferentes,\u00a0perseverar na ora\u00e7\u00e3o por todos os santos\u00a0(Ef 6.18).<\/p>\n<p><!--more--><\/p>\n<p>Veja abaixo a lista com os locais de reuni\u00f5es para este m\u00eas:<\/p>\n<p><span style=\"color: #4e5d32; font-size: medium;\"><strong>Para\u00edba<\/strong><\/span><br \/>\n<strong>Jo\u00e3o Pessoa &#8211;\u00a0<\/strong>27 de outubro \u00e0s 14h30<br \/>\n<strong>Local:\u00a0<\/strong>Praia de Tamba\u00fa<br \/>\nPonto de encontro: Busto do Tamandar\u00e9<br \/>\nContato:\u00a0<a href=\"mailto:kadidja@gmail.com\" target=\"_blank\">kadidja@gmail.com<\/a><\/p>\n<p><span style=\"color: #4e5d32; font-size: medium;\"><strong>Pernambuco<\/strong><\/span><br \/>\n<strong>Recife &#8211;\u00a0<\/strong>20 de outubro \u00e0s 9h<br \/>\n<strong>Local:<\/strong>\u00a0Parque da Jaqueira<br \/>\nPonto de encontro: port\u00e3o principal do parque<br \/>\nContato:\u00a0<a href=\"mailto:kadidja@gmail.com\" target=\"_blank\">kadidja@gmail.com<\/a><\/p>\n<p><span style=\"color: #4e5d32; font-size: medium;\"><strong>Sergipe<\/strong><\/span><br \/>\n<strong>Aracaju &#8211;<\/strong>\u00a027 de Outubro \u00e0s 15h<br \/>\n<strong>Local:<\/strong>\u00a0Av. Ad\u00e9lia Franco, 2850, Condom\u00ednio Jardim Am\u00e9rica, Bloco N &#8211; Ap 503, Bairro Luzia<br \/>\nContato:\u00a0<a href=\"mailto:cah.acioli@hotmail.com\" target=\"_blank\">cah.acioli@hotmail.com<\/a><\/p>\n<p><span style=\"color: #4e5d32; font-size: medium;\"><strong>Minas Gerais<\/strong><\/span><br \/>\n<strong>Belo Horizonte &#8211;\u00a0<\/strong>13 de outubro \u00e0s 14h30<br \/>\n<strong>Local:<\/strong>\u00a0Parque Municipal no centro de BH<br \/>\nPonto de encontro: Coreto do parque<br \/>\nContato:\u00a0<a href=\"mailto:quezia.castro@portasabertas.org.br\" target=\"_blank\">quezia.castro@portasabertas.<wbr>org.br<br \/>\n<\/wbr><\/a><br \/>\n<span style=\"color: #4e5d32; font-size: medium;\"><strong>Rio de Janeiro<\/strong><\/span><br \/>\n<strong>Capital (Tijuca) &#8211;<\/strong>\u00a013 de Outubro \u00e0s 14h<br \/>\n<strong>Local:<\/strong>\u00a0Casa da Sand e Thiago<br \/>\nPonto de encontro: Pra\u00e7a Saens Pe\u00f1a, \u00e0s 13h30<br \/>\nContato:\u00a0<a href=\"mailto:sand.dejesus@gmail.com\" target=\"_blank\">sand.dejesus@gmail.com<\/a><\/p>\n<p><strong>Nova Igua\u00e7u &#8211;<\/strong>\u00a020 de Outubro \u00e0s 14h<br \/>\n<strong>Local:<\/strong>\u00a0Igreja Evang\u00e9lica de Jesus<br \/>\nEndere\u00e7o: Av. Ab\u00edlio Augusto T\u00e1vora, 2919, Marco II &#8211; pr\u00f3ximo a UNIG e Brasil Tintas<br \/>\nContato:\u00a0<a href=\"mailto:sand.dejesus@gmail.com\" target=\"_blank\">sand.dejesus@gmail.com<\/a><br \/>\n<strong><br \/>\nLuau em Muriqui &#8211;\u00a0<\/strong>20 de Outubro \u00e0s 22h<br \/>\n<strong>Local:<\/strong>\u00a0Praia de Muriqui<br \/>\nPonto de Encontro: Pra\u00e7a principal de Muriqui, no ponto final do \u00f4nibus Muriqui &#8211; em frente ao Banco 24h.<br \/>\nLevar: Canga ou toalha para cobrir a areia, instrumentos de m\u00fasica e lanches.<br \/>\nContato:\u00a0<a href=\"mailto:caroldepaulapsi@gmail.com\" target=\"_blank\">caroldepaulapsi@gmail.com\u00a0<\/a><\/p>\n<p><span style=\"color: #4e5d32; font-size: medium;\"><strong>S\u00e3o Paulo<\/strong><\/span><br \/>\n<strong>Sorocaba &#8211;<\/strong>\u00a006 de outubro \u00e0s 15h<br \/>\n<strong>Local:\u00a0<\/strong>Rua Santa Cruz, 352, Centro &#8211; pr\u00f3ximo ao Terminal S\u00e3o Paulo<br \/>\nContato:\u00a0<a href=\"mailto:ugsorocaba@hotmail.com\" target=\"_blank\">ugsorocaba@hotmail.com<\/a><\/p>\n<p><strong>S\u00e3o Paulo (zona sul) &#8211;<\/strong>\u00a020 de outubro \u00e0s 15h<br \/>\n<strong>Local:\u00a0<\/strong>Sede da Portas Abertas Brasil<br \/>\nEndere\u00e7o: Av. Bar\u00e3o do Rego Barros, 664, Vila Congonhas<br \/>\nPonto de Refer\u00eancia: pr\u00f3ximo ao Hotel IBIS (em frente ao aeroporto de Congonhas)<br \/>\nContato:\u00a0<a href=\"mailto:marcelo.historiaantiga@gmail.com\" target=\"_blank\">marcelo.historiaantiga@gmail.<wbr>com<\/wbr><\/a><\/p>\n<p><strong>Campinas &#8211;<\/strong>\u00a020 de outubro \u00e0s 19h30<br \/>\n<strong>Local:\u00a0<\/strong>Casa do Rubi e da C\u00edntia<br \/>\nPonto de encontro: em frente ao terminal Ouro Verde<br \/>\nContato:\u00a0<a href=\"mailto:cintiacruzm@hotmail.com\" target=\"_blank\">cintiacruzm@hotmail.com<\/a><\/p>\n<p><strong>Sorocaba &#8211;<\/strong>\u00a021 de outubro, das 8h \u00e0s 17h<br \/>\nAjude a Igreja Perseguida!<br \/>\n<strong>Local:\u00a0<\/strong>Pet Shop Glamour<br \/>\nEndere\u00e7o: Rua Mascarenhas Camelo, 137, Vila Santana<br \/>\nOs volunt\u00e1rios estar\u00e3o neste Pet Shop dando banho em c\u00e3es. A renda obtida ser\u00e1 revertida para a Portas Abertas.<br \/>\nAgende seu c\u00e3o pelo telefone: 15 9670 0715 (Pollyana)<\/p>\n<p><strong>Sorocaba &#8211;<\/strong>\u00a027 de outubro, \u00e0s 19h30<br \/>\n<strong>Local:<\/strong>\u00a0Catedral Missionaria Jesus Reina<br \/>\nEndere\u00e7o: Rua Ant\u00f4nio Roque Rodrigues, 393, Jd. Dois Cora\u00e7\u00f5es<br \/>\nContato:\u00a0<a href=\"mailto:ugsorocaba@hotmail.com\" target=\"_blank\">ugsorocaba@hotmail.com<\/a><\/p>\n","protected":false},"excerpt":{"rendered":"<p>&nbsp; Voc\u00ea sabia que a Miss\u00e3o Portas Abertas tem um minist\u00e9rio s\u00f3 para jovens? Estamos nos referindo ao &#8220;underground&#8220;, que h\u00e1 mais de onze anos desafia\u00a0a juventude brasileira a agir em favor da Igreja perseguida. De acordo com a lideran\u00e7a do minist\u00e9rio, temos que fazer o que est\u00e1 ao nosso alcance para servir aos crist\u00e3os [&hellip;]<\/p>\n","protected":false},"author":19,"featured_media":0,"comment_status":"open","ping_status":"open","sticky":false,"template":"","format":"standard","meta":{"ngg_post_thumbnail":0,"footnotes":""},"categories":[10182],"tags":[],"class_list":["post-2176","post","type-post","status-publish","format-standard","hentry","category-boto-fe"],"_links":{"self":[{"href":"https:\/\/ultimato.com.br\/sites\/jovem\/wp-json\/wp\/v2\/posts\/2176","targetHints":{"allow":["GET"]}}],"collection":[{"href":"https:\/\/ultimato.com.br\/sites\/jovem\/wp-json\/wp\/v2\/posts"}],"about":[{"href":"https:\/\/ultimato.com.br\/sites\/jovem\/wp-json\/wp\/v2\/types\/post"}],"author":[{"embeddable":true,"href":"https:\/\/ultimato.com.br\/sites\/jovem\/wp-json\/wp\/v2\/users\/19"}],"replies":[{"embeddable":true,"href":"https:\/\/ultimato.com.br\/sites\/jovem\/wp-json\/wp\/v2\/comments?post=2176"}],"version-history":[{"count":6,"href":"https:\/\/ultimato.com.br\/sites\/jovem\/wp-json\/wp\/v2\/posts\/2176\/revisions"}],"predecessor-version":[{"id":2184,"href":"https:\/\/ultimato.com.br\/sites\/jovem\/wp-json\/wp\/v2\/posts\/2176\/revisions\/2184"}],"wp:attachment":[{"href":"https:\/\/ultimato.com.br\/sites\/jovem\/wp-json\/wp\/v2\/media?parent=2176"}],"wp:term":[{"taxonomy":"category","embeddable":true,"href":"https:\/\/ultimato.com.br\/sites\/jovem\/wp-json\/wp\/v2\/categories?post=2176"},{"taxonomy":"post_tag","embeddable":true,"href":"https:\/\/ultimato.com.br\/sites\/jovem\/wp-json\/wp\/v2\/tags?post=2176"}],"curies":[{"name":"wp","href":"https:\/\/api.w.org\/{rel}","templated":true}]}}