{"id":2146,"date":"2012-10-03T13:55:16","date_gmt":"2012-10-03T16:55:16","guid":{"rendered":"http:\/\/ultimato.com.br\/sites\/jovem\/?p=2146"},"modified":"2012-10-03T13:55:16","modified_gmt":"2012-10-03T16:55:16","slug":"o-cristao-e-a-ateista","status":"publish","type":"post","link":"https:\/\/ultimato.com.br\/sites\/jovem\/2012\/10\/03\/o-cristao-e-a-ateista\/","title":{"rendered":"O crist\u00e3o e a ate\u00edsta"},"content":{"rendered":"<p><em>Por Mateus Oct\u00e1vio<\/em><\/p>\n<p><a href=\"http:\/\/ultimato.com.br\/sites\/jovem\/files\/2012\/10\/pecas-do-quebra-cabeca_2513843.jpg\" class=\"lightview\" data-lightview-group=\"group-2146\" data-lightview-options=\"skin: 'dark', controls: 'relative', padding: '10', shadow: { color: '#000000', opacity: 0.08, blur: 3 }\" data-lightview-title=\"pecas-do-quebra-cabeca_2513843\"><img loading=\"lazy\" decoding=\"async\" class=\"alignright size-medium wp-image-2147\" title=\"pecas-do-quebra-cabeca_2513843\" src=\"http:\/\/ultimato.com.br\/sites\/jovem\/files\/2012\/10\/pecas-do-quebra-cabeca_2513843-300x199.jpg\" alt=\"\" width=\"300\" height=\"199\" srcset=\"https:\/\/ultimato.com.br\/sites\/jovem\/files\/2012\/10\/pecas-do-quebra-cabeca_2513843-300x199.jpg 300w, https:\/\/ultimato.com.br\/sites\/jovem\/files\/2012\/10\/pecas-do-quebra-cabeca_2513843-150x99.jpg 150w, https:\/\/ultimato.com.br\/sites\/jovem\/files\/2012\/10\/pecas-do-quebra-cabeca_2513843.jpg 626w\" sizes=\"auto, (max-width: 300px) 100vw, 300px\" \/><\/a>H\u00e1 alguns dias, retornando de f\u00e9rias, conheci uma jovem alem\u00e3 muito simp\u00e1tica e inteligente. Conversamos sobre diversos temas. Revelei meu fasc\u00ednio pela hist\u00f3ria de seu povo, por alguns te\u00f3logos de sua p\u00e1tria, e, por meio disso, o assunto rumou para religi\u00e3o. Falamos sobre tudo que cr\u00edamos e sobre a maneira que enxerg\u00e1vamos a cren\u00e7a.<\/p>\n<p>Falei sobre a situa\u00e7\u00e3o atual do Brasil e sobre os \u201cdefensores da fam\u00edlia\u201d que usam a religi\u00e3o para atacar, denegrir, condenar e repudiar pessoas de credos religiosos e sexualidades diferentes. Tamb\u00e9m esclareci que minha cren\u00e7a n\u00e3o deve me impedir de ler, ter contato ou de dialogar com um ateu, por exemplo. Na metade da minha fala, a jovem interferiu sorrindo: \u201ceu sou ate\u00edsta\u201d. Ambos sorrimos.<\/p>\n<p><!--more--><\/p>\n<p>Procurei saber o que a fez crer assim, ali\u00e1s, o que a fez n\u00e3o crer assim. Perguntei se ela era ate\u00edsta por quest\u00f5es da raz\u00e3o ou por algo vindo de fam\u00edlia. Era de fam\u00edlia. No desenrolar da prosa percebi um pouco de acanhamento de sua parte. Foi nesse momento que joguei a \u201ccarta da manga\u201d: \u201cse n\u00e3o estou enganado, foi de Nietzsche a afirma\u00e7\u00e3o que ele seria um crist\u00e3o se os crist\u00e3os parecessem um pouco mais com Cristo. Voc\u00ea n\u00e3o se v\u00ea crist\u00e3 tamb\u00e9m por isso?\u201d, \u2013 acrescentei ainda \u2013 \u201co que mais te impede de crer: a ideia mal explicada de Deus, um ser superior, ou a religi\u00e3o propriamente dita?\u201d. Ap\u00f3s impressionar-se por eu ler Nietzsche, confirmou: \u201ca religi\u00e3o\u201d.<\/p>\n<p>Neste instante n\u00e3o pude deixar de lembrar das cruzadas, do <em>aparthaid<\/em>, das almas inocentes que queimaram nas fogueiras da inquisi\u00e7\u00e3o. Lembrei-me de nossa situa\u00e7\u00e3o atual brasileira. Os evang\u00e9licos crescem absurdamente, t\u00e3o absurdamente que o evangelho que requer paci\u00eancia e doa\u00e7\u00e3o n\u00e3o \u00e9 capaz de acompanh\u00e1-los. Nossos l\u00edderes est\u00e3o na boca do povo, mas n\u00e3o mais caindo na gra\u00e7a. A igreja tem medo da persegui\u00e7\u00e3o e busca leis que os protejam. Esquecem de protestar a pobreza, a mis\u00e9ria e anunciar o reino que se manifestar\u00e1 aqui e agora. Reduziram Deus a um prestador de favores. Um \u00eddolo. Deste deus eu tamb\u00e9m sou ateu.<\/p>\n<p>Guardei de Franziska um sorriso, que me revigorou da minha \u00faltima lembran\u00e7a na ocasi\u00e3o, o lamento.<\/p>\n<p>\u201cAt\u00e9 onde vai tudo isso?\u201d, voc\u00ea pode se perguntar. Confesso que n\u00e3o sei, mas nada ficar\u00e1 impune. O bumerangue da vida girar\u00e1, nos trazendo culpa ou regozijo: o que o homem semear, isso tamb\u00e9m ceifar\u00e1. Ainda h\u00e1 tempo de plantar o amor.<\/p>\n<p>____________________<\/p>\n<p><strong>Mateus Oct\u00e1vio Alcantara<\/strong>\u00a0de Souza tem 20 anos, \u00e9 Bacharel em teologia e escreve no blog\u00a0<a href=\"http:\/\/mateusoctavio.blogspot.com.br\/\" target=\"_blank\">Medita\u00e7\u00f5es*<\/a><\/p>\n","protected":false},"excerpt":{"rendered":"<p>Por Mateus Oct\u00e1vio H\u00e1 alguns dias, retornando de f\u00e9rias, conheci uma jovem alem\u00e3 muito simp\u00e1tica e inteligente. Conversamos sobre diversos temas. Revelei meu fasc\u00ednio pela hist\u00f3ria de seu povo, por alguns te\u00f3logos de sua p\u00e1tria, e, por meio disso, o assunto rumou para religi\u00e3o. Falamos sobre tudo que cr\u00edamos e sobre a maneira que enxerg\u00e1vamos [&hellip;]<\/p>\n","protected":false},"author":19,"featured_media":0,"comment_status":"open","ping_status":"open","sticky":false,"template":"","format":"standard","meta":{"ngg_post_thumbnail":0,"footnotes":""},"categories":[6054],"tags":[],"class_list":["post-2146","post","type-post","status-publish","format-standard","hentry","category-textos"],"_links":{"self":[{"href":"https:\/\/ultimato.com.br\/sites\/jovem\/wp-json\/wp\/v2\/posts\/2146","targetHints":{"allow":["GET"]}}],"collection":[{"href":"https:\/\/ultimato.com.br\/sites\/jovem\/wp-json\/wp\/v2\/posts"}],"about":[{"href":"https:\/\/ultimato.com.br\/sites\/jovem\/wp-json\/wp\/v2\/types\/post"}],"author":[{"embeddable":true,"href":"https:\/\/ultimato.com.br\/sites\/jovem\/wp-json\/wp\/v2\/users\/19"}],"replies":[{"embeddable":true,"href":"https:\/\/ultimato.com.br\/sites\/jovem\/wp-json\/wp\/v2\/comments?post=2146"}],"version-history":[{"count":2,"href":"https:\/\/ultimato.com.br\/sites\/jovem\/wp-json\/wp\/v2\/posts\/2146\/revisions"}],"predecessor-version":[{"id":2149,"href":"https:\/\/ultimato.com.br\/sites\/jovem\/wp-json\/wp\/v2\/posts\/2146\/revisions\/2149"}],"wp:attachment":[{"href":"https:\/\/ultimato.com.br\/sites\/jovem\/wp-json\/wp\/v2\/media?parent=2146"}],"wp:term":[{"taxonomy":"category","embeddable":true,"href":"https:\/\/ultimato.com.br\/sites\/jovem\/wp-json\/wp\/v2\/categories?post=2146"},{"taxonomy":"post_tag","embeddable":true,"href":"https:\/\/ultimato.com.br\/sites\/jovem\/wp-json\/wp\/v2\/tags?post=2146"}],"curies":[{"name":"wp","href":"https:\/\/api.w.org\/{rel}","templated":true}]}}