{"id":2140,"date":"2012-10-01T08:51:30","date_gmt":"2012-10-01T11:51:30","guid":{"rendered":"http:\/\/ultimato.com.br\/sites\/jovem\/?p=2140"},"modified":"2012-10-01T08:53:13","modified_gmt":"2012-10-01T11:53:13","slug":"declarando","status":"publish","type":"post","link":"https:\/\/ultimato.com.br\/sites\/jovem\/2012\/10\/01\/declarando\/","title":{"rendered":"Declarando&#8230;"},"content":{"rendered":"<p><em>Por Jeverton Ledo (Magr\u00e3o)<\/em><\/p>\n<p><a href=\"http:\/\/ultimato.com.br\/sites\/jovem\/files\/2012\/10\/magrao_editado.jpg\" class=\"lightview\" data-lightview-group=\"group-2140\" data-lightview-options=\"skin: 'dark', controls: 'relative', padding: '10', shadow: { color: '#000000', opacity: 0.08, blur: 3 }\" data-lightview-title=\"magrao_editado\"><img loading=\"lazy\" decoding=\"async\" class=\"alignright size-medium wp-image-2141\" title=\"magrao_editado\" src=\"http:\/\/ultimato.com.br\/sites\/jovem\/files\/2012\/10\/magrao_editado-279x300.jpg\" alt=\"\" width=\"279\" height=\"300\" srcset=\"https:\/\/ultimato.com.br\/sites\/jovem\/files\/2012\/10\/magrao_editado-279x300.jpg 279w, https:\/\/ultimato.com.br\/sites\/jovem\/files\/2012\/10\/magrao_editado-139x150.jpg 139w, https:\/\/ultimato.com.br\/sites\/jovem\/files\/2012\/10\/magrao_editado.jpg 720w\" sizes=\"auto, (max-width: 279px) 100vw, 279px\" \/><\/a>Algumas declara\u00e7\u00f5es ou afirma\u00e7\u00f5es trazem consigo o \u201cpeso\u201d de um sim. No \u00faltimo dia 15 fiz uma declara\u00e7\u00e3o que influenciar\u00e1 o resto dos meus dias. Diante de amigos, familiares e pastores declarei meu amor por uma pessoa completamente diferente de mim, mas que me complementa. Em uma jornada longa ou curta, recheada de encontros e desencontros, as afirma\u00e7\u00f5es que vamos deixando pelo caminho influenciam, transformam, aben\u00e7oam ou n\u00e3o a vida das pessoas.<\/p>\n<p>Poderia aqui lembrar in\u00fameras declara\u00e7\u00f5es que influenciaram a hist\u00f3ria contempor\u00e2nea, por\u00e9m, uma entre todas rompe a barreira do tempo e dist\u00e2ncia: a afirma\u00e7\u00e3o de Jesus. Ele disse \u201ceu sou o caminho, a verdade e a vida\u201d. Por falar em vida, j\u00e1 tenho uma vida a dois h\u00e1 uma semana. Voc\u00ea tem uma vida ao lado de algu\u00e9m? J\u00e1 se v\u00e3o muitos ou poucos anos? Voc\u00ea tem caminhado sozinho? S\u00e3o tantas perguntas&#8230; Mas, como diz uma das tantas propagandas veiculadas diariamente, \u201co que move o mundo s\u00e3o as perguntas\u201d, n\u00e3o \u00e9 mesmo?<\/p>\n<p><!--more--><\/p>\n<p>Tenho certeza que voc\u00ea j\u00e1 se declarou para algu\u00e9m, ou foi impactado por uma declara\u00e7\u00e3o. Que efeito ela causou? A afirma\u00e7\u00e3o de Jesus impacta a sua vida todos os dias a ponto de te fazer reproduzi-la e causar transforma\u00e7\u00e3o no mundo?<\/p>\n<p>Minha experi\u00eancia recente mostra que o \u201csim\u201d do dia 15 j\u00e1 tem percorrido essa via de m\u00e3o dupla relacional. Tenho aprendido, ensinado, compartilhado e percebido que ter algu\u00e9m ao nosso lado \u00e9 um presente, uma d\u00e1diva e tamb\u00e9m um desafio. Que voc\u00ea possa olhar para dentro de si mesmo e refletir sobre as palavras ditas por Jesus. A vida \u00e9 muito breve e a verdade redentora \u00e9 a \u00fanica que nos conduzir\u00e1 por um caminho seguro.<\/p>\n<p>____________________<\/p>\n<p><strong><a href=\"http:\/\/ultimato.com.br\/sites\/jovem\/2012\/05\/23\/motivacao-errada\/jeverton.ledo@gmail.com\" target=\"_blank\">Jeverton \u201cMagr\u00e3o\u201d Ledo<\/a><\/strong>\u00a0\u00e9 mission\u00e1rio, autor de \u201cMinha Escolha Profissional \u2014 o que Deus tem a ver com isso?\u201d (Editora Vida).<\/p>\n","protected":false},"excerpt":{"rendered":"<p>Por Jeverton Ledo (Magr\u00e3o) Algumas declara\u00e7\u00f5es ou afirma\u00e7\u00f5es trazem consigo o \u201cpeso\u201d de um sim. No \u00faltimo dia 15 fiz uma declara\u00e7\u00e3o que influenciar\u00e1 o resto dos meus dias. Diante de amigos, familiares e pastores declarei meu amor por uma pessoa completamente diferente de mim, mas que me complementa. Em uma jornada longa ou curta, [&hellip;]<\/p>\n","protected":false},"author":19,"featured_media":0,"comment_status":"open","ping_status":"open","sticky":false,"template":"","format":"standard","meta":{"ngg_post_thumbnail":0,"footnotes":""},"categories":[6054],"tags":[],"class_list":["post-2140","post","type-post","status-publish","format-standard","hentry","category-textos"],"_links":{"self":[{"href":"https:\/\/ultimato.com.br\/sites\/jovem\/wp-json\/wp\/v2\/posts\/2140","targetHints":{"allow":["GET"]}}],"collection":[{"href":"https:\/\/ultimato.com.br\/sites\/jovem\/wp-json\/wp\/v2\/posts"}],"about":[{"href":"https:\/\/ultimato.com.br\/sites\/jovem\/wp-json\/wp\/v2\/types\/post"}],"author":[{"embeddable":true,"href":"https:\/\/ultimato.com.br\/sites\/jovem\/wp-json\/wp\/v2\/users\/19"}],"replies":[{"embeddable":true,"href":"https:\/\/ultimato.com.br\/sites\/jovem\/wp-json\/wp\/v2\/comments?post=2140"}],"version-history":[{"count":3,"href":"https:\/\/ultimato.com.br\/sites\/jovem\/wp-json\/wp\/v2\/posts\/2140\/revisions"}],"predecessor-version":[{"id":2143,"href":"https:\/\/ultimato.com.br\/sites\/jovem\/wp-json\/wp\/v2\/posts\/2140\/revisions\/2143"}],"wp:attachment":[{"href":"https:\/\/ultimato.com.br\/sites\/jovem\/wp-json\/wp\/v2\/media?parent=2140"}],"wp:term":[{"taxonomy":"category","embeddable":true,"href":"https:\/\/ultimato.com.br\/sites\/jovem\/wp-json\/wp\/v2\/categories?post=2140"},{"taxonomy":"post_tag","embeddable":true,"href":"https:\/\/ultimato.com.br\/sites\/jovem\/wp-json\/wp\/v2\/tags?post=2140"}],"curies":[{"name":"wp","href":"https:\/\/api.w.org\/{rel}","templated":true}]}}