{"id":2133,"date":"2012-09-27T14:55:16","date_gmt":"2012-09-27T17:55:16","guid":{"rendered":"http:\/\/ultimato.com.br\/sites\/jovem\/?p=2133"},"modified":"2012-09-27T15:40:55","modified_gmt":"2012-09-27T18:40:55","slug":"assinatura-ultimato-para-jovens","status":"publish","type":"post","link":"https:\/\/ultimato.com.br\/sites\/jovem\/2012\/09\/27\/assinatura-ultimato-para-jovens\/","title":{"rendered":"Assinatura Ultimato para jovens"},"content":{"rendered":"<p><a href=\"http:\/\/ultimato.com.br\/sites\/jovem\/files\/2012\/09\/DSC4653_2.jpg\" class=\"lightview\" data-lightview-group=\"group-2133\" data-lightview-options=\"skin: 'dark', controls: 'relative', padding: '10', shadow: { color: '#000000', opacity: 0.08, blur: 3 }\" data-lightview-title=\"_DSC4653_2\"><img loading=\"lazy\" decoding=\"async\" class=\"alignright size-medium wp-image-2137\" title=\"_DSC4653_2\" src=\"http:\/\/ultimato.com.br\/sites\/jovem\/files\/2012\/09\/DSC4653_2-300x199.jpg\" alt=\"\" width=\"300\" height=\"199\" srcset=\"https:\/\/ultimato.com.br\/sites\/jovem\/files\/2012\/09\/DSC4653_2-300x199.jpg 300w, https:\/\/ultimato.com.br\/sites\/jovem\/files\/2012\/09\/DSC4653_2-150x99.jpg 150w, https:\/\/ultimato.com.br\/sites\/jovem\/files\/2012\/09\/DSC4653_2.jpg 448w\" sizes=\"auto, (max-width: 300px) 100vw, 300px\" \/><\/a>Ei, jovem, preste bastante aten\u00e7\u00e3o nesse<em> post<\/em>, porque ele foi feito pra voc\u00ea!<\/p>\n<p>Vai at\u00e9 a pr\u00f3xima segunda-feira uma promo\u00e7\u00e3o exclusiva para quem tem at\u00e9 29 anos. Assine <strong>Ultimato<\/strong> com um mega desconto. Receba a revista por um ano por apenas R$34,00. Imperd\u00edvel, n\u00e3o \u00e9 mesmo?<\/p>\n<p>Mas, aten\u00e7\u00e3o. A promo\u00e7\u00e3o \u00e9 exclusiva para o Facebook. Por isso, clique<a href=\"http:\/\/www.facebook.com\/254920451201552\/posts\/540982342595360\" target=\"_blank\"> aqui<\/a> e garanta j\u00e1 a sua assinatura. Aproveite para curtir a nossa p\u00e1gina, caso ainda n\u00e3o tenha feito.<\/p>\n<p>Agora n\u00e3o tem mais desculpas para n\u00e3o ter Ultimato bem perto de voc\u00ea, com todo o conforto. Divulgue essa ideia!<\/p>\n","protected":false},"excerpt":{"rendered":"<p>Ei, jovem, preste bastante aten\u00e7\u00e3o nesse post, porque ele foi feito pra voc\u00ea! Vai at\u00e9 a pr\u00f3xima segunda-feira uma promo\u00e7\u00e3o exclusiva para quem tem at\u00e9 29 anos. Assine Ultimato com um mega desconto. Receba a revista por um ano por apenas R$34,00. Imperd\u00edvel, n\u00e3o \u00e9 mesmo? Mas, aten\u00e7\u00e3o. A promo\u00e7\u00e3o \u00e9 exclusiva para o Facebook. [&hellip;]<\/p>\n","protected":false},"author":19,"featured_media":0,"comment_status":"open","ping_status":"open","sticky":false,"template":"","format":"standard","meta":{"ngg_post_thumbnail":0,"footnotes":""},"categories":[10182],"tags":[],"class_list":["post-2133","post","type-post","status-publish","format-standard","hentry","category-boto-fe"],"_links":{"self":[{"href":"https:\/\/ultimato.com.br\/sites\/jovem\/wp-json\/wp\/v2\/posts\/2133","targetHints":{"allow":["GET"]}}],"collection":[{"href":"https:\/\/ultimato.com.br\/sites\/jovem\/wp-json\/wp\/v2\/posts"}],"about":[{"href":"https:\/\/ultimato.com.br\/sites\/jovem\/wp-json\/wp\/v2\/types\/post"}],"author":[{"embeddable":true,"href":"https:\/\/ultimato.com.br\/sites\/jovem\/wp-json\/wp\/v2\/users\/19"}],"replies":[{"embeddable":true,"href":"https:\/\/ultimato.com.br\/sites\/jovem\/wp-json\/wp\/v2\/comments?post=2133"}],"version-history":[{"count":4,"href":"https:\/\/ultimato.com.br\/sites\/jovem\/wp-json\/wp\/v2\/posts\/2133\/revisions"}],"predecessor-version":[{"id":2135,"href":"https:\/\/ultimato.com.br\/sites\/jovem\/wp-json\/wp\/v2\/posts\/2133\/revisions\/2135"}],"wp:attachment":[{"href":"https:\/\/ultimato.com.br\/sites\/jovem\/wp-json\/wp\/v2\/media?parent=2133"}],"wp:term":[{"taxonomy":"category","embeddable":true,"href":"https:\/\/ultimato.com.br\/sites\/jovem\/wp-json\/wp\/v2\/categories?post=2133"},{"taxonomy":"post_tag","embeddable":true,"href":"https:\/\/ultimato.com.br\/sites\/jovem\/wp-json\/wp\/v2\/tags?post=2133"}],"curies":[{"name":"wp","href":"https:\/\/api.w.org\/{rel}","templated":true}]}}