{"id":2111,"date":"2012-09-21T10:26:33","date_gmt":"2012-09-21T13:26:33","guid":{"rendered":"http:\/\/ultimato.com.br\/sites\/jovem\/?p=2111"},"modified":"2012-09-21T10:27:08","modified_gmt":"2012-09-21T13:27:08","slug":"vem-ai-retiro-labri-brasil","status":"publish","type":"post","link":"https:\/\/ultimato.com.br\/sites\/jovem\/2012\/09\/21\/vem-ai-retiro-labri-brasil\/","title":{"rendered":"Vem a\u00ed: Retiro L&#8217;abri Brasil"},"content":{"rendered":"<p><span style=\"color: #000000;\">Nunca se testemunhou como em nossos dias a busca pela descoberta e constru\u00e7\u00e3o de uma identidade pessoal. A vis\u00edvel fragmenta\u00e7\u00e3o psicol\u00f3gica e social contempor\u00e2nea, fruto de um profundo processo de desenraizamento espiritual da cultura ocidental, conduz milh\u00f5es a se defrontarem com as doen\u00e7as da alma como a depress\u00e3o, a fadiga, a euforia e o t\u00e9dio.\u00a0<\/span><\/p>\n<p><span style=\"color: #000000;\">Como podemos encontrar um caminho saud\u00e1vel em nossa cultura para a constru\u00e7\u00e3o de uma identidade pessoal aut\u00eantica, integrada e plena de vida?\u00a0Este tema, e quest\u00f5es relacionadas, ser\u00e3o explorados de forma conjunta por meio de palestras, discuss\u00f5es, reflex\u00f5es b\u00edblicas e filmes nos dias 19, 20 e 21 de outubro no Retiro L&#8217;abri Brasil.<\/span><\/p>\n<p><a href=\"http:\/\/ultimato.com.br\/sites\/jovem\/files\/2012\/09\/retiro-labri.jpg\" class=\"lightview\" data-lightview-group=\"group-2111\" data-lightview-options=\"skin: 'dark', controls: 'relative', padding: '10', shadow: { color: '#000000', opacity: 0.08, blur: 3 }\" data-lightview-title=\"retiro_labri\"><img loading=\"lazy\" decoding=\"async\" class=\"aligncenter size-full wp-image-2112\" title=\"retiro_labri\" src=\"http:\/\/ultimato.com.br\/sites\/jovem\/files\/2012\/09\/retiro-labri.jpg\" alt=\"\" width=\"600\" height=\"450\" srcset=\"https:\/\/ultimato.com.br\/sites\/jovem\/files\/2012\/09\/retiro-labri.jpg 600w, https:\/\/ultimato.com.br\/sites\/jovem\/files\/2012\/09\/retiro-labri-300x225.jpg 300w, https:\/\/ultimato.com.br\/sites\/jovem\/files\/2012\/09\/retiro-labri-150x112.jpg 150w\" sizes=\"auto, (max-width: 600px) 100vw, 600px\" \/><\/a><\/p>\n<p>&nbsp;<\/p>\n","protected":false},"excerpt":{"rendered":"<p>Nunca se testemunhou como em nossos dias a busca pela descoberta e constru\u00e7\u00e3o de uma identidade pessoal. A vis\u00edvel fragmenta\u00e7\u00e3o psicol\u00f3gica e social contempor\u00e2nea, fruto de um profundo processo de desenraizamento espiritual da cultura ocidental, conduz milh\u00f5es a se defrontarem com as doen\u00e7as da alma como a depress\u00e3o, a fadiga, a euforia e o t\u00e9dio.\u00a0 [&hellip;]<\/p>\n","protected":false},"author":19,"featured_media":0,"comment_status":"open","ping_status":"open","sticky":false,"template":"","format":"standard","meta":{"ngg_post_thumbnail":0,"footnotes":""},"categories":[172],"tags":[],"class_list":["post-2111","post","type-post","status-publish","format-standard","hentry","category-agenda"],"_links":{"self":[{"href":"https:\/\/ultimato.com.br\/sites\/jovem\/wp-json\/wp\/v2\/posts\/2111","targetHints":{"allow":["GET"]}}],"collection":[{"href":"https:\/\/ultimato.com.br\/sites\/jovem\/wp-json\/wp\/v2\/posts"}],"about":[{"href":"https:\/\/ultimato.com.br\/sites\/jovem\/wp-json\/wp\/v2\/types\/post"}],"author":[{"embeddable":true,"href":"https:\/\/ultimato.com.br\/sites\/jovem\/wp-json\/wp\/v2\/users\/19"}],"replies":[{"embeddable":true,"href":"https:\/\/ultimato.com.br\/sites\/jovem\/wp-json\/wp\/v2\/comments?post=2111"}],"version-history":[{"count":2,"href":"https:\/\/ultimato.com.br\/sites\/jovem\/wp-json\/wp\/v2\/posts\/2111\/revisions"}],"predecessor-version":[{"id":2114,"href":"https:\/\/ultimato.com.br\/sites\/jovem\/wp-json\/wp\/v2\/posts\/2111\/revisions\/2114"}],"wp:attachment":[{"href":"https:\/\/ultimato.com.br\/sites\/jovem\/wp-json\/wp\/v2\/media?parent=2111"}],"wp:term":[{"taxonomy":"category","embeddable":true,"href":"https:\/\/ultimato.com.br\/sites\/jovem\/wp-json\/wp\/v2\/categories?post=2111"},{"taxonomy":"post_tag","embeddable":true,"href":"https:\/\/ultimato.com.br\/sites\/jovem\/wp-json\/wp\/v2\/tags?post=2111"}],"curies":[{"name":"wp","href":"https:\/\/api.w.org\/{rel}","templated":true}]}}