{"id":2102,"date":"2012-09-19T10:58:05","date_gmt":"2012-09-19T13:58:05","guid":{"rendered":"http:\/\/ultimato.com.br\/sites\/jovem\/?p=2102"},"modified":"2012-09-20T10:45:05","modified_gmt":"2012-09-20T13:45:05","slug":"deus-estranho","status":"publish","type":"post","link":"https:\/\/ultimato.com.br\/sites\/jovem\/2012\/09\/19\/deus-estranho\/","title":{"rendered":"Deus estranho"},"content":{"rendered":"<p><em>Por Marlon Bruno<\/em><\/p>\n<div id=\"attachment_2103\" style=\"width: 298px\" class=\"wp-caption alignright\"><a href=\"http:\/\/ultimato.com.br\/sites\/jovem\/files\/2012\/09\/vem_primeiro.jpg\" class=\"lightview\" data-lightview-group=\"group-2102\" data-lightview-options=\"skin: 'dark', controls: 'relative', padding: '10', shadow: { color: '#000000', opacity: 0.08, blur: 3 }\" data-lightview-title=\"vem_primeiro\"><img loading=\"lazy\" decoding=\"async\" aria-describedby=\"caption-attachment-2103\" class=\"wp-image-2103 \" title=\"vem_primeiro\" src=\"http:\/\/ultimato.com.br\/sites\/jovem\/files\/2012\/09\/vem_primeiro.jpg\" alt=\"\" width=\"288\" height=\"216\" srcset=\"https:\/\/ultimato.com.br\/sites\/jovem\/files\/2012\/09\/vem_primeiro.jpg 320w, https:\/\/ultimato.com.br\/sites\/jovem\/files\/2012\/09\/vem_primeiro-300x225.jpg 300w, https:\/\/ultimato.com.br\/sites\/jovem\/files\/2012\/09\/vem_primeiro-150x112.jpg 150w\" sizes=\"auto, (max-width: 288px) 100vw, 288px\" \/><\/a><p id=\"caption-attachment-2103\" class=\"wp-caption-text\">Foto: Yasmim Borba<\/p><\/div>\n<p>De fato, s\u00e3o impressionantes e esquisit\u00edssimos alguns atos daquele que diz ser o nosso criador. Seja pela limita\u00e7\u00e3o de nossa mente ou pela real esquisitice deste Deus, sem d\u00favidas, ele \u00e9 totalmente estranho.<\/p>\n<p>Primeiro, criou um ser que indubitavelmente iria se rebelar contra ele, n\u00e3o me refiro ao homem, falo de L\u00facifer. Depois, criou outro cara que atrav\u00e9s da rebeli\u00e3o do primeiro, levaria n\u00e3o s\u00f3 a ter\u00e7a parte de seus semelhantes, mas todos eles para um castigo eterno: agora, o homem. Sem nos aprofundarmos nestes acontecimentos, o que vem insistentemente \u00e0 nossa imagina\u00e7\u00e3o quando tomamos conhecimento deles \u00e9 somente uma coisa: Deus n\u00e3o acertou quando criou estes dois formadores de opini\u00e3o. Na verdade, quem n\u00e3o acertou fomos n\u00f3s, pois Deus \u00e9 onisciente.<\/p>\n<p><!--more--><\/p>\n<p>Pouco tempo se passou e Deus decidiu matar todos os seres chamados de humanos, exceto uma fam\u00edlia que, de certa forma, o agradara: a de No\u00e9. Fora estas oito pessoas, ele afogou todos em um epis\u00f3dio aqu\u00e1tico e tr\u00e1gico denominado \u201cdil\u00favio\u201d. Entretanto, No\u00e9 era homem tamb\u00e9m, e, portanto, ainda estava contaminado pela rebeldia de seu ancestral. Mas por que Deus n\u00e3o matou a todos sem nenhuma exce\u00e7\u00e3o? Por que ele n\u00e3o extinguiu da terra esta cadeia de desobedi\u00eancia apelidada de \u201cpecado\u201d? Por que deixou que continuasse da mesma forma? N\u00e3o tem nexo.<\/p>\n<p>Muitos anos depois destes ocorridos, recebemos a not\u00edcia que de tanto tentar e lidar com esta sua criatura, Deus decidiu resolver o problema pessoalmente: se tornou o pr\u00f3prio homem que havia criado e se rebelado contra ele, para salv\u00e1-lo daquele castigo que j\u00e1 era a sua condena\u00e7\u00e3o por desobedi\u00eancia. Que coisa sem sentido: antes Deus cria o homem, depois se torna o pr\u00f3prio homem para salv\u00e1-lo do que ele mesmo havia decretado: a morte. Mais uma a\u00e7\u00e3o incompreens\u00edvel, diferente e ex\u00f3tica. N\u00e3o sei!<\/p>\n<p>Talvez o motivo de tantas incoer\u00eancias seja a \u201cgra\u00e7a\u201d, este amor de gra\u00e7a, esta miseric\u00f3rdia que n\u00e3o passa. Enfim&#8230; realmente n\u00e3o sei. Mas se penso nele, me vejo com estas indaga\u00e7\u00f5es e, se n\u00e3o reflito a seu respeito, acabo sem perguntas e sem respostas. O mais prov\u00e1vel \u00e9 que o ideal seja este: que ningu\u00e9m o compreenda nem o alcance ou o veja. Afinal, ser Deus \u00e9 algo \u00fanico, intransfer\u00edvel e incognosc\u00edvel. Portanto, para ser estranho para n\u00f3s n\u00e3o \u00e9 preciso muito, s\u00f3 \u00e9 necess\u00e1rio ser transcendente, extra-humano e extraterrestre. \u00c9 o caso de Deus.<\/p>\n<blockquote><p>N\u00e3o entendemos para crer. Cremos para entender porque cremos&#8221;. (frase do autor)<\/p><\/blockquote>\n<p>____________________<\/p>\n<p><strong>Marlon Bruno<\/strong>, 19 anos, \u00e9 de Ipatinga, MG.<\/p>\n","protected":false},"excerpt":{"rendered":"<p>Por Marlon Bruno De fato, s\u00e3o impressionantes e esquisit\u00edssimos alguns atos daquele que diz ser o nosso criador. Seja pela limita\u00e7\u00e3o de nossa mente ou pela real esquisitice deste Deus, sem d\u00favidas, ele \u00e9 totalmente estranho. Primeiro, criou um ser que indubitavelmente iria se rebelar contra ele, n\u00e3o me refiro ao homem, falo de L\u00facifer. [&hellip;]<\/p>\n","protected":false},"author":19,"featured_media":0,"comment_status":"open","ping_status":"open","sticky":false,"template":"","format":"standard","meta":{"ngg_post_thumbnail":0,"footnotes":""},"categories":[6054],"tags":[],"class_list":["post-2102","post","type-post","status-publish","format-standard","hentry","category-textos"],"_links":{"self":[{"href":"https:\/\/ultimato.com.br\/sites\/jovem\/wp-json\/wp\/v2\/posts\/2102","targetHints":{"allow":["GET"]}}],"collection":[{"href":"https:\/\/ultimato.com.br\/sites\/jovem\/wp-json\/wp\/v2\/posts"}],"about":[{"href":"https:\/\/ultimato.com.br\/sites\/jovem\/wp-json\/wp\/v2\/types\/post"}],"author":[{"embeddable":true,"href":"https:\/\/ultimato.com.br\/sites\/jovem\/wp-json\/wp\/v2\/users\/19"}],"replies":[{"embeddable":true,"href":"https:\/\/ultimato.com.br\/sites\/jovem\/wp-json\/wp\/v2\/comments?post=2102"}],"version-history":[{"count":6,"href":"https:\/\/ultimato.com.br\/sites\/jovem\/wp-json\/wp\/v2\/posts\/2102\/revisions"}],"predecessor-version":[{"id":2110,"href":"https:\/\/ultimato.com.br\/sites\/jovem\/wp-json\/wp\/v2\/posts\/2102\/revisions\/2110"}],"wp:attachment":[{"href":"https:\/\/ultimato.com.br\/sites\/jovem\/wp-json\/wp\/v2\/media?parent=2102"}],"wp:term":[{"taxonomy":"category","embeddable":true,"href":"https:\/\/ultimato.com.br\/sites\/jovem\/wp-json\/wp\/v2\/categories?post=2102"},{"taxonomy":"post_tag","embeddable":true,"href":"https:\/\/ultimato.com.br\/sites\/jovem\/wp-json\/wp\/v2\/tags?post=2102"}],"curies":[{"name":"wp","href":"https:\/\/api.w.org\/{rel}","templated":true}]}}