{"id":2097,"date":"2012-09-14T10:28:52","date_gmt":"2012-09-14T13:28:52","guid":{"rendered":"http:\/\/ultimato.com.br\/sites\/jovem\/?p=2097"},"modified":"2012-09-14T10:41:28","modified_gmt":"2012-09-14T13:41:28","slug":"estudo-revela-ritmo-do-crescimento-de-morte-entre-jovens","status":"publish","type":"post","link":"https:\/\/ultimato.com.br\/sites\/jovem\/2012\/09\/14\/estudo-revela-ritmo-do-crescimento-de-morte-entre-jovens\/","title":{"rendered":"Estudo revela ritmo do crescimento de morte entre jovens"},"content":{"rendered":"<p>O jornal <a href=\"http:\/\/www1.folha.uol.com.br\/cotidiano\/1121817-estudo-mapeia-mortes-de-jovens-no-brasil.shtml\" target=\"_blank\">Folha de S\u00e3o Paulo<\/a> divulgou recentemente os\u00a0dados do &#8220;Mapa da Viol\u00eancia 2012 &#8211; Crian\u00e7as e Adolescentes do Brasil&#8221;. A pesquisa analisa as informa\u00e7\u00f5es do Minist\u00e9rio da Sa\u00fade sobre as causas das mortes de pessoas entre zero e 19 anos de idade. Segundo informa\u00e7\u00f5es divulgadas, o ritmo de crescimento \u00e9 constante. Em 30 anos, s\u00f3 teve queda quatro vezes. Nos demais aumentou entre 0,7% e 30%.<\/p>\n<p>O mapa abaixo, mostra o n\u00famero de morte de jovens por estado. Alagoas lidera este triste ranking com a maior taxa de homic\u00eddios. Al\u00e9m disso, \u00e9 poss\u00edvel identificar a varia\u00e7\u00e3o ocorrida entre dez anos, desde 2000 at\u00e9 2010.<\/p>\n<div id=\"attachment_2098\" style=\"width: 645px\" class=\"wp-caption aligncenter\"><a href=\"http:\/\/ultimato.com.br\/sites\/jovem\/files\/2012\/09\/mapa.png\" class=\"lightview\" data-lightview-group=\"group-2097\" data-lightview-options=\"skin: 'dark', controls: 'relative', padding: '10', shadow: { color: '#000000', opacity: 0.08, blur: 3 }\" data-lightview-title=\"mapa_homicidios_jovens\"><img loading=\"lazy\" decoding=\"async\" aria-describedby=\"caption-attachment-2098\" class=\"size-full wp-image-2098\" title=\"mapa_homicidios_jovens\" src=\"http:\/\/ultimato.com.br\/sites\/jovem\/files\/2012\/09\/mapa.png\" alt=\"\" width=\"635\" height=\"799\" srcset=\"https:\/\/ultimato.com.br\/sites\/jovem\/files\/2012\/09\/mapa.png 635w, https:\/\/ultimato.com.br\/sites\/jovem\/files\/2012\/09\/mapa-238x300.png 238w, https:\/\/ultimato.com.br\/sites\/jovem\/files\/2012\/09\/mapa-119x150.png 119w\" sizes=\"auto, (max-width: 635px) 100vw, 635px\" \/><\/a><p id=\"caption-attachment-2098\" class=\"wp-caption-text\">Fonte: Folha de S\u00e3o Paulo<\/p><\/div>\n<p><!--more--><\/p>\n<p>Leia algumas frases de especialistas no assunto:<\/p>\n<blockquote><p>Os homic\u00eddios de jovens continuam sendo o calcanhar de aquiles do governo. Esse aumento mostra que crian\u00e7a e adolescente n\u00e3o s\u00e3o prioridade dos governos&#8221;.<\/p>\n<p>Antes, a maior parte dos crimes acontecia nos grandes centros. Agora, com a melhor distribui\u00e7\u00e3o de renda, houve uma migra\u00e7\u00e3o da popula\u00e7\u00e3o e os governos n\u00e3o conseguiram implantar pol\u00edticas p\u00fablicas para acompanhar essa mudan\u00e7a&#8221;.<strong>\u00a0Julio Jacobo Waiselfisz<\/strong>, soci\u00f3logo e coordenador da pesquisa.<\/p><\/blockquote>\n<blockquote><p>Os dados devem ser analisados com cuidado, \u00a0j\u00e1 que entre 2002 e 2010 houve uma melhora na qualifica\u00e7\u00e3o das estat\u00edsticas sobre mortes.\u00a0\u00c9 muito complicado falar do aumento de mortes por agress\u00e3o no Brasil como um todo&#8221;. <strong>Alba\u00a0Zaluar<\/strong>, antrop\u00f3loga da Universidade Estadual do Rio.<\/p><\/blockquote>\n<p>_________________________<\/p>\n<p>Com colabora\u00e7\u00e3o de: <a href=\"http:\/\/www1.folha.uol.com.br\/cotidiano\/1121817-estudo-mapeia-mortes-de-jovens-no-brasil.shtml\" target=\"_blank\">Folha de S\u00e3o Paulo online<\/a>.<\/p>\n<p>&nbsp;<\/p>\n<p>&nbsp;<\/p>\n<p>&nbsp;<\/p>\n<p>&nbsp;<\/p>\n","protected":false},"excerpt":{"rendered":"<p>O jornal Folha de S\u00e3o Paulo divulgou recentemente os\u00a0dados do &#8220;Mapa da Viol\u00eancia 2012 &#8211; Crian\u00e7as e Adolescentes do Brasil&#8221;. A pesquisa analisa as informa\u00e7\u00f5es do Minist\u00e9rio da Sa\u00fade sobre as causas das mortes de pessoas entre zero e 19 anos de idade. Segundo informa\u00e7\u00f5es divulgadas, o ritmo de crescimento \u00e9 constante. Em 30 anos, [&hellip;]<\/p>\n","protected":false},"author":19,"featured_media":0,"comment_status":"open","ping_status":"open","sticky":false,"template":"","format":"standard","meta":{"ngg_post_thumbnail":0,"footnotes":""},"categories":[7],"tags":[],"class_list":["post-2097","post","type-post","status-publish","format-standard","hentry","category-noticias"],"_links":{"self":[{"href":"https:\/\/ultimato.com.br\/sites\/jovem\/wp-json\/wp\/v2\/posts\/2097","targetHints":{"allow":["GET"]}}],"collection":[{"href":"https:\/\/ultimato.com.br\/sites\/jovem\/wp-json\/wp\/v2\/posts"}],"about":[{"href":"https:\/\/ultimato.com.br\/sites\/jovem\/wp-json\/wp\/v2\/types\/post"}],"author":[{"embeddable":true,"href":"https:\/\/ultimato.com.br\/sites\/jovem\/wp-json\/wp\/v2\/users\/19"}],"replies":[{"embeddable":true,"href":"https:\/\/ultimato.com.br\/sites\/jovem\/wp-json\/wp\/v2\/comments?post=2097"}],"version-history":[{"count":3,"href":"https:\/\/ultimato.com.br\/sites\/jovem\/wp-json\/wp\/v2\/posts\/2097\/revisions"}],"predecessor-version":[{"id":2100,"href":"https:\/\/ultimato.com.br\/sites\/jovem\/wp-json\/wp\/v2\/posts\/2097\/revisions\/2100"}],"wp:attachment":[{"href":"https:\/\/ultimato.com.br\/sites\/jovem\/wp-json\/wp\/v2\/media?parent=2097"}],"wp:term":[{"taxonomy":"category","embeddable":true,"href":"https:\/\/ultimato.com.br\/sites\/jovem\/wp-json\/wp\/v2\/categories?post=2097"},{"taxonomy":"post_tag","embeddable":true,"href":"https:\/\/ultimato.com.br\/sites\/jovem\/wp-json\/wp\/v2\/tags?post=2097"}],"curies":[{"name":"wp","href":"https:\/\/api.w.org\/{rel}","templated":true}]}}