{"id":1873,"date":"2012-07-18T11:46:17","date_gmt":"2012-07-18T14:46:17","guid":{"rendered":"http:\/\/ultimato.com.br\/sites\/jovem\/?p=1873"},"modified":"2012-07-18T11:53:21","modified_gmt":"2012-07-18T14:53:21","slug":"direito-do-cristao-a-consciencia-politica","status":"publish","type":"post","link":"https:\/\/ultimato.com.br\/sites\/jovem\/2012\/07\/18\/direito-do-cristao-a-consciencia-politica\/","title":{"rendered":"O \u201cdireito\u201d do crist\u00e3o \u00e0 consci\u00eancia pol\u00edtica"},"content":{"rendered":"<p><em><a href=\"http:\/\/ultimato.com.br\/sites\/jovem\/files\/2012\/07\/575316_falling_dominoes.jpg\" class=\"lightview\" data-lightview-group=\"group-1873\" data-lightview-options=\"skin: 'dark', controls: 'relative', padding: '10', shadow: { color: '#000000', opacity: 0.08, blur: 3 }\" data-lightview-title=\"575316_falling_dominoes\"><img loading=\"lazy\" decoding=\"async\" class=\"wp-image-1878 alignleft\" title=\"575316_falling_dominoes\" src=\"http:\/\/ultimato.com.br\/sites\/jovem\/files\/2012\/07\/575316_falling_dominoes.jpg\" alt=\"\" width=\"270\" height=\"220\" srcset=\"https:\/\/ultimato.com.br\/sites\/jovem\/files\/2012\/07\/575316_falling_dominoes.jpg 300w, https:\/\/ultimato.com.br\/sites\/jovem\/files\/2012\/07\/575316_falling_dominoes-150x122.jpg 150w\" sizes=\"auto, (max-width: 270px) 100vw, 270px\" \/><\/a>Por Antonio Carlos Junior<\/em><\/p>\n<p><span style=\"font-size: small;\">As elei\u00e7\u00f5es municipais de 2012 se aproximam e, com elas, afloram em boa parte da popula\u00e7\u00e3o alguma forma de participa\u00e7\u00e3o pol\u00edtica, mesmo que seja apenas para dizer \u201ctodos s\u00e3o corruptos\u201d e \u201cn\u00e3o tem mais jeito\u201d.<\/span><\/p>\n<p><span style=\"font-size: small;\">Nesse sentido, devemos ter cuidado com as promessas de campanha, j\u00e1 que muitos prometem o que n\u00e3o podem realizar, at\u00e9 mesmo por n\u00e3o serem os competentes pela Constitui\u00e7\u00e3o. \u00c9 preciso, tamb\u00e9m, cuidado com a compra de votos: sacos de cimento, leito em hospital ou qualquer outra coisa pessoal. O verdadeiro pol\u00edtico n\u00e3o cuida dos interesses particulares, mas de toda a popula\u00e7\u00e3o (<em>res publicae<\/em>). Ao inv\u00e9s de lhe dar cimento ou conseguir leito para seu parente que enfermou, ser\u00e1 que o candidato tem propostas para a melhoria dos programas de moradia e sa\u00fade para todos?!<\/span><\/p>\n<p><!--more--><\/p>\n<p><span style=\"font-size: small;\">Especificamente quanto aos evang\u00e9licos, engana-se aquele que ainda acredita no \u201cvoto de cabresto\u201d dentro das igrejas, ou pelo menos da maioria delas. Imaginemos: se juntarmos as cinco principais igrejas\/denomina\u00e7\u00f5es das cidades de m\u00e9dio porte, que, sozinhas, possuem \u201cvoto\u201d suficiente para eleger um candidato cada, ter\u00edamos pelo menos cinco evang\u00e9licos em todas as C\u00e2maras Municipais, o que n\u00e3o acontece. Os membros, hoje, olham para o pastor como uma \u201cautoridade espiritual\u201d, e n\u00e3o como aquele capaz de determinar todas as atitudes do fiel.<\/span><\/p>\n<p><span style=\"font-size: small;\">E, para uma consci\u00eancia pol\u00edtica efetiva, aconselho a todos os crist\u00e3os que leiam o\u00a0<em><a href=\"http:\/\/www.montesiao.pro.br\/estudos\/politica\/decalogo_voto.html\" target=\"_blank\">Dec\u00e1logo do Voto \u00c9tico da AEVB<\/a>\u00a0<\/em>(Associa\u00e7\u00e3o Evang\u00e9lica Brasileira), produzido durante as elei\u00e7\u00f5es presidenciais de 1998<\/span><span style=\"font-size: small;\">. Sobre essa consci\u00eancia, Paul Freston j\u00e1 disse: \u201cos evang\u00e9licos devem se envolver politicamente, n\u00e3o em nome de suas igrejas ou institui\u00e7\u00f5es, mas em grupos de pessoas que pensam politicamente de uma mesma forma, inspiradas pela sua compreens\u00e3o da f\u00e9 crist\u00e3. Trata-se de um projeto que inclui a abertura para o di\u00e1logo e para censuras prof\u00e9ticas\u201d, que denunciem o Estado naquilo que contraria os princ\u00edpios divinos.<\/span><\/p>\n<p><span style=\"font-size: small;\">Assim, o crist\u00e3o na pol\u00edtica n\u00e3o pode se restringir a ser um mero \u201cdespachante\u201d das igrejas. Se comportando como crist\u00e3o verdadeiro, acabar\u00e1 por fazer transparecer seus valores \u00e9ticos e morais, na imensa maioria das vezes resultantes de sua f\u00e9. Mesmo porque, ainda que o Evangelho se funde, essencialmente, em uma dimens\u00e3o espiritual, \u00e9 certo que as \u201cboas obras\u201d (e aqui incluo a implanta\u00e7\u00e3o de \u201cboas propostas pol\u00edticas\u201d) s\u00e3o um reflexo da salva\u00e7\u00e3o que temos, exclusivamente, por meio de Jesus Cristo.<\/span><\/p>\n<p><span style=\"font-size: small;\">O pol\u00edtico crist\u00e3o, por isso, deve expor sua &#8220;plataforma&#8221; sem &#8220;apelar&#8221; para o &#8220;sou seu irm\u00e3o&#8221;, mas, efetivamente, demonstrando suas inten\u00e7\u00f5es e projetos de forma clara e transparente. Mas o problema \u00e9 que, infelizmente, a maioria dos candidatos, crist\u00e3os ou n\u00e3o, sequer possuem propostas para a melhoria da cidade e da vida dos cidad\u00e3os!<\/span><\/p>\n<p><span style=\"font-size: small;\">Valorize sua liberdade de voto e n\u00e3o o negocie&#8230; sob pena de ficar mais quatro anos lamentando a situa\u00e7\u00e3o de sua cidade.<\/span><\/p>\n<p>____________________<\/p>\n<p><span style=\"font-size: small;\"><strong>Antonio Carlos da Rosa Silva Junior<\/strong>. Bacharel em\u00a0<em>Direito<\/em>, Especialista em\u00a0<em>Ci\u00eancias Penais<\/em>\u00a0e em\u00a0<em>Direito e Rela\u00e7\u00f5es Familiares<\/em>, Mestrando em\u00a0<em>Ci\u00eancia da Religi\u00e3o<\/em>, Presidente do\u00a0<em>Projeto Desperta<\/em>\u00a0e Membro do\u00a0<em>Juristas de Cristo<\/em>. Contato:\u00a0<\/span><a href=\"mailto:acarlos_juridico@yahoo.com.br\" target=\"_blank\"><span style=\"font-size: small;\">acarlos_juridico@yahoo.com.br<\/span><\/a><\/p>\n","protected":false},"excerpt":{"rendered":"<p>Por Antonio Carlos Junior As elei\u00e7\u00f5es municipais de 2012 se aproximam e, com elas, afloram em boa parte da popula\u00e7\u00e3o alguma forma de participa\u00e7\u00e3o pol\u00edtica, mesmo que seja apenas para dizer \u201ctodos s\u00e3o corruptos\u201d e \u201cn\u00e3o tem mais jeito\u201d. Nesse sentido, devemos ter cuidado com as promessas de campanha, j\u00e1 que muitos prometem o que [&hellip;]<\/p>\n","protected":false},"author":19,"featured_media":0,"comment_status":"open","ping_status":"open","sticky":false,"template":"","format":"standard","meta":{"ngg_post_thumbnail":0,"footnotes":""},"categories":[6054],"tags":[],"class_list":["post-1873","post","type-post","status-publish","format-standard","hentry","category-textos"],"_links":{"self":[{"href":"https:\/\/ultimato.com.br\/sites\/jovem\/wp-json\/wp\/v2\/posts\/1873","targetHints":{"allow":["GET"]}}],"collection":[{"href":"https:\/\/ultimato.com.br\/sites\/jovem\/wp-json\/wp\/v2\/posts"}],"about":[{"href":"https:\/\/ultimato.com.br\/sites\/jovem\/wp-json\/wp\/v2\/types\/post"}],"author":[{"embeddable":true,"href":"https:\/\/ultimato.com.br\/sites\/jovem\/wp-json\/wp\/v2\/users\/19"}],"replies":[{"embeddable":true,"href":"https:\/\/ultimato.com.br\/sites\/jovem\/wp-json\/wp\/v2\/comments?post=1873"}],"version-history":[{"count":7,"href":"https:\/\/ultimato.com.br\/sites\/jovem\/wp-json\/wp\/v2\/posts\/1873\/revisions"}],"predecessor-version":[{"id":1876,"href":"https:\/\/ultimato.com.br\/sites\/jovem\/wp-json\/wp\/v2\/posts\/1873\/revisions\/1876"}],"wp:attachment":[{"href":"https:\/\/ultimato.com.br\/sites\/jovem\/wp-json\/wp\/v2\/media?parent=1873"}],"wp:term":[{"taxonomy":"category","embeddable":true,"href":"https:\/\/ultimato.com.br\/sites\/jovem\/wp-json\/wp\/v2\/categories?post=1873"},{"taxonomy":"post_tag","embeddable":true,"href":"https:\/\/ultimato.com.br\/sites\/jovem\/wp-json\/wp\/v2\/tags?post=1873"}],"curies":[{"name":"wp","href":"https:\/\/api.w.org\/{rel}","templated":true}]}}