{"id":163,"date":"2010-09-29T11:45:50","date_gmt":"2010-09-29T14:45:50","guid":{"rendered":"http:\/\/ultimato.com.br\/sites\/jovem\/?p=163"},"modified":"2010-10-14T14:27:38","modified_gmt":"2010-10-14T17:27:38","slug":"um-sonho-que-se-tornou-realidade","status":"publish","type":"post","link":"https:\/\/ultimato.com.br\/sites\/jovem\/2010\/09\/29\/um-sonho-que-se-tornou-realidade\/","title":{"rendered":"Um sonho que se tornou realidade"},"content":{"rendered":"<p><em><a href=\"http:\/\/ultimato.com.br\/sites\/jovem\/files\/2010\/09\/Porta_Aberta_Beijing.jpg\" class=\"lightview\" data-lightview-group=\"group-163\" data-lightview-options=\"skin: 'dark', controls: 'relative', padding: '10', shadow: { color: '#000000', opacity: 0.08, blur: 3 }\" data-lightview-title=\"Porta_Aberta_Beijing\"><img loading=\"lazy\" decoding=\"async\" class=\"alignright size-medium wp-image-173\" title=\"Porta_Aberta_Beijing\" src=\"http:\/\/ultimato.com.br\/sites\/jovem\/files\/2010\/09\/Porta_Aberta_Beijing-300x202.jpg\" alt=\"\" width=\"300\" height=\"202\" srcset=\"https:\/\/ultimato.com.br\/sites\/jovem\/files\/2010\/09\/Porta_Aberta_Beijing-300x202.jpg 300w, https:\/\/ultimato.com.br\/sites\/jovem\/files\/2010\/09\/Porta_Aberta_Beijing-1024x690.jpg 1024w, https:\/\/ultimato.com.br\/sites\/jovem\/files\/2010\/09\/Porta_Aberta_Beijing-150x101.jpg 150w\" sizes=\"auto, (max-width: 300px) 100vw, 300px\" \/><\/a>Fiz muitos amigos no acampamento com jovens chineses e conheci uma pessoa muito especial chamada Jenni, de 24 anos, que faz parte de uma igreja clandestina<\/em><\/p>\n<p>Depois de 7 anos de espera, l\u00e1 estava eu realizando o que se tornou um grande sonho desde que conheci a Igreja Perseguida: estar com eles lado a lado. Tivemos a oportunidade de participar de um acampamento para jovens chineses. Chegamos dois dias antes deles e, no grande dia, em que eles se juntariam a n\u00f3s, uma ansiedade e nervosismo incr\u00edvel tomou conta de mim.<\/p>\n<p><!--more-->Quando eles chegaram, n\u00e3o aguentei, e as l\u00e1grimas vieram aos meus olhos. Mal sabia que muitas ainda iriam escorrer pelo meu rosto. Conheci muitos jovens que me edificaram bastante com seus testemunhos.<\/p>\n<p>Por exemplo, a Jenni, uma jovem de 24 anos do interior da China. Com ela vivenciei preciosos momentos, uns dos mais especiais da minha vida. Ela faz parte de uma igreja clandestina e confidenciou que infelizmente n\u00e3o pode confiar nos membros da igreja, nem no pastor. Ela me contou sobre seu trabalho entre os jovens de sua universidade. Com pretexto de ensinar ingl\u00eas, ela na verdade lidera um grupo de estudo b\u00edblico. Maravilhosamente, muitos jovens universit\u00e1rios t\u00eam se rendido a Cristo. Quanta ousadia dessa menina, eu pensava. Em nenhum momento, senti medo em suas palavras, apesar de la saber que as consequ\u00eancias de uma descoberta ser grave, o que mais lhe deixava preocupada era ver seu povo ir para o inferno.<\/p>\n<p>Antes de partirmos, ela me escreveu uma carta. Gostaria de compartilhar um trecho dela com voc\u00eas:<\/p>\n<p><em>\u201cEu orei ao nosso poderoso Deus que preparasse uma pessoa especial aqui. Deus me ouviu! Obrigada. Orei a Deus que me desse uma amiga. Ele me deu voc\u00ea. Embora o momento de dizer \u201cadeus\u201d uma para a outra se aproxima e apesar do tempo que passamos ter sido t\u00e3o curto, n\u00f3s nos conectamos atrav\u00e9s de Cristo. Isso \u00e9 uma grande alegria! Eu sei que sentiremos falta uma da outra e oraremos uma pela outra. Isso \u00e9 o suficiente!!!\u201d<\/em><\/p>\n<p>Quando aqueles jovens perceberam que pessoas no Brasil oravam por eles e que t\u00ednhamos ido l\u00e1 s\u00f3 para encontr\u00e1-los, ficaram extremante felizes e animados em saber que muita gente de t\u00e3o longe se importava com eles. \u201c<em>Digam aos brasileiros que oraremos por eles tamb\u00e9m<\/em>!\u201d<\/p>\n<p><strong>Nenhum impedimento<\/strong><\/p>\n<p>A l\u00edngua n\u00e3o foi uma grande barreira, com alguns n\u00e3o trocamos nenhuma palavra em ingl\u00eas, mas oramos juntos, rimos e choramos juntos. Luci, que n\u00e3o fala nada em ingl\u00eas, de repente come\u00e7ou a falar na l\u00edngua dela olhando para a Samy. A gente n\u00e3o entendia nada e pedimos para um rapaz traduzir, e o que ela estava dizendo era: \u201c<em>N\u00f3s n\u00e3o precisamos dizer a mesma l\u00edngua porque quando oramos Deus nos une. Estamos conectadas agora. Nos entendemos atrav\u00e9s do Esp\u00edrito.<\/em>\u201d S\u00e1bias palavras.<\/p>\n<p>Gostaria de compartilhar cada hist\u00f3ria, mas o espa\u00e7o aqui \u00e9 pouco. Ent\u00e3o quero compartilhar o pedido de ora\u00e7\u00e3o que eles pediram para n\u00f3s trazermos: \u201c<em>Orem pelo nosso povo. Eles t\u00eam o cora\u00e7\u00e3o muito duro<\/em>\u201d.<\/p>\n<p>Al\u00e9m de conhecer nossa fam\u00edlia chinesa, tivemos a oportunidade de levar b\u00edblias para a igreja do pastor Samuel Lamb. Como era o ano das Olimp\u00edadas, por motivos de seguran\u00e7a o acampamento precisou ser realizado em Hong  Kong. E estava muito dif\u00edcil entrar no territ\u00f3rio chin\u00eas comunista com B\u00edblias. Algumas pessoas j\u00e1 haviam sido pegas pela pol\u00edcia. E nossos irm\u00e3os chineses contavam com as B\u00edblias. Oramos muito e fomos para a imigra\u00e7\u00e3o chinesa com a mochila repleta de B\u00edblias. \u00c9ramos um grupo de 15 pessoas, agimos separadamente e conseguimos todos passar pela imigra\u00e7\u00e3o com as B\u00edblias. Na hora de toda a opera\u00e7\u00e3o, parecia que meu cora\u00e7\u00e3o ia sair pela boca. S\u00f3 depois que todos passaram \u00e9 que veio o al\u00edvio e a alegria em poder entregar as B\u00edblias nas m\u00e3os do pastor.<\/p>\n<p>Quando chegamos ao Brasil, fui ler a carta que um jovem chin\u00eas chamado Victor me escreveu. Compartilho com voc\u00eas um pequeno trecho, que \u00e9 para mim e para todos os crist\u00e3os brasileiros:<\/p>\n<p>\u201c<em>N\u00e3o descanse, n\u00e3o h\u00e1 tempo para isso na terra, mantenha seu foco em Cristo, ame-o e seja seu colaborador. S\u00ea fiel at\u00e9 a morte<\/em>\u201d (Victor).<\/p>\n<p>Despedimos-nos de nossos irm\u00e3os chineses com um misto de sentimentos: tristeza, por n\u00e3o poder manter contato com eles por motivos de seguran\u00e7a; alegria, com a \u00fanica certeza que temos na vida e com abra\u00e7os e muitas l\u00e1grimas, afirmando que nos encontrar\u00edamos novamente, no c\u00e9u!<\/p>\n<p>Daniele Moraes (Fonte: <a href=\"http:\/\/www.portasabertas.org.br\/\" target=\"_blank\">www.portasabertas.org.br<\/a>)<\/p>\n","protected":false},"excerpt":{"rendered":"<p>Fiz muitos amigos no acampamento com jovens chineses e conheci uma pessoa muito especial chamada Jenni, de 24 anos, que faz parte de uma igreja clandestina<\/p>\n","protected":false},"author":8,"featured_media":0,"comment_status":"open","ping_status":"open","sticky":false,"template":"","format":"standard","meta":{"ngg_post_thumbnail":0,"footnotes":""},"categories":[6093],"tags":[],"class_list":["post-163","post","type-post","status-publish","format-standard","hentry","category-viagens"],"_links":{"self":[{"href":"https:\/\/ultimato.com.br\/sites\/jovem\/wp-json\/wp\/v2\/posts\/163","targetHints":{"allow":["GET"]}}],"collection":[{"href":"https:\/\/ultimato.com.br\/sites\/jovem\/wp-json\/wp\/v2\/posts"}],"about":[{"href":"https:\/\/ultimato.com.br\/sites\/jovem\/wp-json\/wp\/v2\/types\/post"}],"author":[{"embeddable":true,"href":"https:\/\/ultimato.com.br\/sites\/jovem\/wp-json\/wp\/v2\/users\/8"}],"replies":[{"embeddable":true,"href":"https:\/\/ultimato.com.br\/sites\/jovem\/wp-json\/wp\/v2\/comments?post=163"}],"version-history":[{"count":7,"href":"https:\/\/ultimato.com.br\/sites\/jovem\/wp-json\/wp\/v2\/posts\/163\/revisions"}],"predecessor-version":[{"id":178,"href":"https:\/\/ultimato.com.br\/sites\/jovem\/wp-json\/wp\/v2\/posts\/163\/revisions\/178"}],"wp:attachment":[{"href":"https:\/\/ultimato.com.br\/sites\/jovem\/wp-json\/wp\/v2\/media?parent=163"}],"wp:term":[{"taxonomy":"category","embeddable":true,"href":"https:\/\/ultimato.com.br\/sites\/jovem\/wp-json\/wp\/v2\/categories?post=163"},{"taxonomy":"post_tag","embeddable":true,"href":"https:\/\/ultimato.com.br\/sites\/jovem\/wp-json\/wp\/v2\/tags?post=163"}],"curies":[{"name":"wp","href":"https:\/\/api.w.org\/{rel}","templated":true}]}}