{"id":1568,"date":"2012-03-28T09:46:18","date_gmt":"2012-03-28T12:46:18","guid":{"rendered":"http:\/\/ultimato.com.br\/sites\/jovem\/?p=1568"},"modified":"2012-03-28T13:14:56","modified_gmt":"2012-03-28T16:14:56","slug":"para-a-nossa-alegria","status":"publish","type":"post","link":"https:\/\/ultimato.com.br\/sites\/jovem\/2012\/03\/28\/para-a-nossa-alegria\/","title":{"rendered":"Para a nossa alegria"},"content":{"rendered":"<p>Se voc\u00ea esteve no Brasil na \u00faltima semana provavelmente sabe o que &#8220;Para a nossa alegria&#8221; significa. A express\u00e3o tornou-se bord\u00e3o popular desde que o v\u00eddeo da fam\u00edlia Barbosa cantando no sof\u00e1 de casa foi postado e come\u00e7ou a circular pelas m\u00eddias sociais. Mas a coisa ganhou uma propor\u00e7\u00e3o monstruosa. Uma das vers\u00f5es postadas no YouTube tem mais de DOZE MILH\u00d5ES visualiza\u00e7\u00f5es. Os tr\u00eas &#8220;tenores&#8221; foram convidados para visitar os est\u00fadios da Rede Globo e participaram dos programas de Luciano Huck e Ana Maria Braga. Vers\u00f5es com famosos &#8211; como o protagonizado pela fam\u00edlia de Jair Rodrigues &#8211; e remixes com diversas can\u00e7\u00f5es pop tamb\u00e9m martelam &#8220;Para nossa alegria&#8221; na nossa cabe\u00e7a o tempo todo. Se voc\u00ea esteve visitando outro planeta ou esteve em semana de provas, n\u00f3s te atualizamos no quesito &#8220;bobagens da internet&#8221;:<\/p>\n<p><center><img src=\"https:\/\/ultimato.com.br\/sites\/jovem\/wp-content\/plugins\/lightview-plus\/img\/novideo.png\" width=\"300\" height=\"168\" alt=\"Video not available\" \/><br \/><\/center><\/p>\n<p>N\u00e3o fosse o talento &#8220;ex\u00f3tico&#8221; de Jefferson, Suellen e Marinalva (esses s\u00e3o os nomes das mais novas celebridades virtuais), a can\u00e7\u00e3o n\u00e3o teria a menor aten\u00e7\u00e3o da webesfera. <!--more-->A m\u00fasica foi criada na d\u00e9cada de 1970 pela banda \u00caxodos, uma das primeiras bandas de rock crist\u00e3o brasileiro, e nas m\u00e3os de gente talentosa de verdade \u00e9 digna de aprecia\u00e7\u00e3o. Vale a pena conhecer (cantando desafinado ou n\u00e3o, mas com letra certinha):<\/p>\n<p><center><img src=\"https:\/\/ultimato.com.br\/sites\/jovem\/wp-content\/plugins\/lightview-plus\/img\/novideo.png\" width=\"300\" height=\"168\" alt=\"Video not available\" \/><br \/><\/center><\/p>\n","protected":false},"excerpt":{"rendered":"<p>Se voc\u00ea esteve no Brasil na \u00faltima semana provavelmente sabe o que &#8220;Para a nossa alegria&#8221; significa. A express\u00e3o tornou-se bord\u00e3o popular desde que o v\u00eddeo da fam\u00edlia Barbosa cantando no sof\u00e1 de casa foi postado e come\u00e7ou a circular pelas m\u00eddias sociais. Mas a coisa ganhou uma propor\u00e7\u00e3o monstruosa. Uma das vers\u00f5es postadas no [&hellip;]<\/p>\n","protected":false},"author":19,"featured_media":0,"comment_status":"open","ping_status":"open","sticky":false,"template":"","format":"standard","meta":{"ngg_post_thumbnail":0,"footnotes":""},"categories":[115],"tags":[],"class_list":["post-1568","post","type-post","status-publish","format-standard","hentry","category-videos"],"_links":{"self":[{"href":"https:\/\/ultimato.com.br\/sites\/jovem\/wp-json\/wp\/v2\/posts\/1568","targetHints":{"allow":["GET"]}}],"collection":[{"href":"https:\/\/ultimato.com.br\/sites\/jovem\/wp-json\/wp\/v2\/posts"}],"about":[{"href":"https:\/\/ultimato.com.br\/sites\/jovem\/wp-json\/wp\/v2\/types\/post"}],"author":[{"embeddable":true,"href":"https:\/\/ultimato.com.br\/sites\/jovem\/wp-json\/wp\/v2\/users\/19"}],"replies":[{"embeddable":true,"href":"https:\/\/ultimato.com.br\/sites\/jovem\/wp-json\/wp\/v2\/comments?post=1568"}],"version-history":[{"count":5,"href":"https:\/\/ultimato.com.br\/sites\/jovem\/wp-json\/wp\/v2\/posts\/1568\/revisions"}],"predecessor-version":[{"id":1572,"href":"https:\/\/ultimato.com.br\/sites\/jovem\/wp-json\/wp\/v2\/posts\/1568\/revisions\/1572"}],"wp:attachment":[{"href":"https:\/\/ultimato.com.br\/sites\/jovem\/wp-json\/wp\/v2\/media?parent=1568"}],"wp:term":[{"taxonomy":"category","embeddable":true,"href":"https:\/\/ultimato.com.br\/sites\/jovem\/wp-json\/wp\/v2\/categories?post=1568"},{"taxonomy":"post_tag","embeddable":true,"href":"https:\/\/ultimato.com.br\/sites\/jovem\/wp-json\/wp\/v2\/tags?post=1568"}],"curies":[{"name":"wp","href":"https:\/\/api.w.org\/{rel}","templated":true}]}}