{"id":1549,"date":"2012-03-14T13:16:36","date_gmt":"2012-03-14T16:16:36","guid":{"rendered":"http:\/\/ultimato.com.br\/sites\/jovem\/?p=1549"},"modified":"2012-03-14T13:17:40","modified_gmt":"2012-03-14T16:17:40","slug":"40-anos-mas-com-corpinho-de-estudante-secundarista","status":"publish","type":"post","link":"https:\/\/ultimato.com.br\/sites\/jovem\/2012\/03\/14\/40-anos-mas-com-corpinho-de-estudante-secundarista\/","title":{"rendered":"40 anos, mas com corpinho de estudante secundarista!"},"content":{"rendered":"<p><a href=\"http:\/\/ultimato.com.br\/sites\/jovem\/files\/2012\/03\/14_03_abs_40_azul_amarelo.jpg\" class=\"lightview\" data-lightview-group=\"group-1549\" data-lightview-options=\"skin: 'dark', controls: 'relative', padding: '10', shadow: { color: '#000000', opacity: 0.08, blur: 3 }\" data-lightview-title=\"14_03_abs_40_azul_amarelo\"><img loading=\"lazy\" decoding=\"async\" class=\"alignright size-full wp-image-1550\" title=\"14_03_abs_40_azul_amarelo\" src=\"http:\/\/ultimato.com.br\/sites\/jovem\/files\/2012\/03\/14_03_abs_40_azul_amarelo.jpg\" alt=\"\" width=\"161\" height=\"218\" srcset=\"https:\/\/ultimato.com.br\/sites\/jovem\/files\/2012\/03\/14_03_abs_40_azul_amarelo.jpg 161w, https:\/\/ultimato.com.br\/sites\/jovem\/files\/2012\/03\/14_03_abs_40_azul_amarelo-110x150.jpg 110w\" sizes=\"auto, (max-width: 161px) 100vw, 161px\" \/><\/a>Neste ano a ABS &#8211; Alian\u00e7a B\u00edblica Secundarista &#8211; est\u00e1 completando 40 anos! O minist\u00e9rio de evangeliza\u00e7\u00e3o e forma\u00e7\u00e3o de lideran\u00e7as entre estudantes de ensino m\u00e9dio \u00e9 um dos bra\u00e7os (ou seria melhor mais uma cabe\u00e7a?) da <a href=\"http:\/\/abub.org.br\/\" target=\"_blank\">ABUB<\/a> e come\u00e7ou a ser desenvolvido no Brasil em 1972. Publicamos abaixo um apanhado hist\u00f3rico do movimento, que est\u00e1 mais vivo do que nunca! No informativo <a href=\"http:\/\/abub.org.br\/compartilhe\/informativos\/entre-nos\/2011\/12\/por-40-anos-missao-na-escola\" target=\"_blank\">Entre N\u00f3s<\/a> voc\u00ea pode ter contato com mais relatos a respeito da ABS. N\u00e3o deixe de ler!<\/p>\n<p>&nbsp;<\/p>\n<p><a href=\"http:\/\/abub.org.br\/compartilhe\/informativos\/entre-nos\/item-materias\/2011\/12\/abs-ontem-e-hoje\" target=\"_blank\"><strong>ABS, ontem e hoje!<\/strong><\/a><br \/>\n<strong>A hist\u00f3ria de ontem &#8211;<\/strong> O minist\u00e9rio com estudantes de ensino m\u00e9dio (na hist\u00f3ria da ABUB) surgiu \u201cnaturalmente\u201d. N\u00e3o vieram ao nosso pa\u00eds mission\u00e1rios pioneiros, n\u00e3o houve uma estrat\u00e9gia \u201cpredeterminada\u201d de evangeliza\u00e7\u00e3o destes estudantes. Foi simples assim: estudantes universit\u00e1rios e outros assessores come\u00e7aram espontaneamente a olhar para as escolas, am\u00e1-las, identificando nelas um vasto campo mission\u00e1rio. <!--more-->Esta iniciativa era nova at\u00e9 mesmo para a Comunidade Internacional de Estudantes Evang\u00e9licos na Am\u00e9rica Latina.<\/p>\n<blockquote><p>\u201cOs secundaristas por muito tempo vinham acompanhando o movimento da ABU, como apenas um ap\u00eandice. Os grupos de secundaristas apareceram por\u00e9m, em diversas cidades, a ponto de o Movimento ser for\u00e7ado a oficializar este novo campo de minist\u00e9rio\u201d.<\/p>\n<p>\u201c(\u2026) Como a \u00e1rea secundarista\u00a0 era\u00a0 nova e pioneira na Am\u00e9rica Latina, sem nenhum modelo a ser seguido, os conselheiros lutavam para abrir seus pr\u00f3prios caminhos para este minist\u00e9rio especial\u201d.<\/p>\n<p>(trecho de Encarnando a Palavra Libertadora, de Neuza Itioka)<\/p><\/blockquote>\n<p>O registro dos primeiros grupos de ABS \u00e9 de 1972, quando a \u201cABU Recife contava com um grande n\u00famero de secundaristas, todos querendo testemunhar em suas escolas\u201d. A introdu\u00e7\u00e3o do Manual da ABS (sem data e autor definidos) relata que Robinson Cavalcanti, ent\u00e3o secret\u00e1rio regional para o NE, encorajou estudantes a formarem a Alian\u00e7a B\u00edblica de Secundaristas. Em 1973 ocorre uma grande \u201conda\u201d de novos grupos: \u00e9 formada a ABS em Curitiba, S\u00e3o Lu\u00eds, S\u00e3o Paulo, Jo\u00e3o Pessoa, Macei\u00f3, Niter\u00f3i e Salvador. Em 1974 ocorrem os primeiros cursos de f\u00e9rias e em 1976 a ABS ganha uma assessora nacional. \u00c9 neste ano que se considera a \u201cforma\u00e7\u00e3o de uma unidade nacional da ABS\u201d.<\/p>\n<p>Alguns anos depois, acontece o I Encontro Nacional de ABS (83), \u201co que foi o grande momento da ABS no pa\u00eds. Olhamos para o futuro buscando maior integra\u00e7\u00e3o e crescimento ao lado dos nossos irm\u00e3os universit\u00e1rios e professores\u201d (Informativo \u201cFruto da Terra&#8221; da Alian\u00e7a B\u00edblica Secundarista Regi\u00e3o Leste \u2013 Ano 1\/n\u00famero &#8211; 1986).<\/p>\n<p><strong>A hist\u00f3ria de hoje<\/strong> \u2013 Olhando para nossa gera\u00e7\u00e3o e j\u00e1 adentrando a d\u00e9cada iniciada em 2010, podemos dizer que houve um novo &#8216;reaquecimento&#8217; do minist\u00e9rio com estudantes &#8211; agora,\u00a0 do &#8216;ensino m\u00e9dio&#8217;.\u00a0 Ap\u00f3s anos sem ocorrer um evento nacional de ABS, no Congresso Nacional 2010 foi realizado o Encontro Brasileiro de ABS. H\u00e1 alguns materiais que foram produzidos e que relatam este momento!<\/p>\n<p>&#8220;Nele tive uma dimens\u00e3o maior do movimento e pude conhecer gente da ABS do Brasil todo, pessoas que t\u00eam uma realidade diferente da minha em suas escolas\u201d, compartilha a estudante da ABS Aracaju (SE), Rita Rom\u00e3o. Na ocasi\u00e3o os ABSenses redigiram um documento, com inten\u00e7\u00f5es para seus pr\u00f3ximos anos. Um sonho \u00e9 o retorno do assessor nacional.<\/p>\n<p>Em 2012 comemora-se os 40 anos da ABS. A ABS Salvador inicia o ano com o Acampamento de Ver\u00e3o. Nacionalmente, est\u00e1 previsto o Encontro Brasileiro de ABS (provavelmente setembro, em S\u00e3o Paulo). Acompanha as comemora\u00e7\u00f5es o logo de 40 anos, apresentado oficialmente no primeiro Conselho Diretor de 2012! Pelo grupo no Facebook (ABS Brasil) estudantes articulam diferentes modos de celebrar!<\/p>\n<p><strong>As hist\u00f3rias de estudantes do ensino m\u00e9dio<\/strong>\u00a0\u2013 Em\u00a0 Aracaju (SE), a estudante Rita Rom\u00e3o (17 anos) participou do nascimento da ABS local. J\u00e1 havia o grupo em sua escola, mas foi com a participa\u00e7\u00e3o de dois de seus colegas em um Curso de F\u00e9rias, que eles se tornaram \u201cABS\u201d.<\/p>\n<p>\u201cDecidi participar da ABS pelo fato de que nunca tinha percebido a import\u00e2ncia de se fazer miss\u00e3o na minha escola. Nunca havia me imaginado como mission\u00e1ria, ainda mais mission\u00e1ria no campo estudantil. Acho que nem sabia o que era isso e com a ABS percebi a import\u00e2ncia de se fazer miss\u00e3o na escola; algo t\u00e3o simples, afinal passamos a maior parte do tempo nesta institui\u00e7\u00e3o, sendo ela nosso campo mission\u00e1rio mais pr\u00f3ximo&#8221;.<\/p>\n<p>Em Aracaju h\u00e1 grupos em quatro escolas, e duas pessoas s\u00e3o acompanhadas com o projeto Lucas (evangelismo pessoal). O grupo base normalmente se re\u00fane duas vezes por m\u00eas e, muitas vezes, junto \u00e0s atividades da ABU e ABP.<\/p>\n<p>Rita compartilha um pouco mais sobre o projeto Lucas: \u201cUma experi\u00eancia bem interessante que vivi na escola foi quando ajudava uma amiga na aplica\u00e7\u00e3o do projeto Lucas, com um rapaz. Est\u00e1vamos conversando, aparentemente sozinhos, e foi quando uma colega se aproximou, ouviu a conversa, e entrou no di\u00e1logo. Logo, eram duas pessoas atentas a ouvir, e n\u00e3o apenas uma. Isso mexeu comigo, pois \u00e0s vezes desistimos de falar de Cristo porque pensamos que seremos rejeitados ou ignorados, mas falar d&#8217;Ele \u00e9 algo bem simples! Basta apenas aproveitar as oportunidades que surgem\u201d.<\/p>\n<p>Em Salvador, Anichele Oliveira (16 anos) conheceu a ABS por meio da divulga\u00e7\u00e3o do Encontro Regional de ABS (ERA) em sua igreja. \u201cA ABS \u00e9 muito importante pra mim, nela eu estou aprendendo a cuidar de vidas, a cumprir o &#8216;ide e fazer disc\u00edpulos&#8217;! Os adolescentes enfrentam problemas com os pais, com a escola, conflitos pessoais, brigas com namorados, sexualidade&#8230; O evangelho nos ajuda, pois, s\u00f3 Jesus pode nos dar uma Paz que excede todo entendimento, s\u00f3 Ele \u00e9 o nosso socorro bem presente no momento da ang\u00fastia, \u00e9 Ele que, mesmo que os nossos pais nos deixem, nunca vai nos deixar!&#8221;.<\/p>\n<p>J\u00e1 a estudante Iara de Ara\u00fajo Sousa (17) de Imperatriz (MA), conheceu a ABS em sua pr\u00f3pria escola, enquanto \u201cmatava o tempo\u201d no recreio: &#8220;Como n\u00e3o conhecia ningu\u00e9m na escola, comecei a participar das reuni\u00f5es no intervalo pra matar um pouco do tempo e ver se conseguia me enturmar. E acabei conseguindo mais que isso! Conheci pessoas maravilhosas e o contato com o grupo me ajudou muito a desenvolver espiritualmente. Passei a frequentar mais a Igreja, a ler mais a B\u00edblia e decidi me batizar. Depois de um treinamento comecei a pesquisar sobre a ABS\/ABU e entendi mais sobre o movimento. Ent\u00e3o, como isso ajudou em minha vida crist\u00e3, decidi tamb\u00e9m contribuir com o Reino&#8221;.<\/p>\n<p>Em Imperatriz os estudantes se re\u00fanem duas vezes por semana. Para Iara, a adolesc\u00eancia \u00e9 um per\u00edodo de &#8216;desenvolvimento da personalidade&#8217; e receber e viver o evangelho neste per\u00edodo \u00e9 ser amparado por Cristo! \u201cA adolesc\u00eancia \u00e9 um momento muito complicado, ainda estamos desenvolvendo partes importantes da nossa personalidade, adquirindo uma vis\u00e3o cr\u00edtica do mundo. Isso torna alguns um pouco mais rebeldes ou at\u00e9 mesmo inertes \u00e0s situa\u00e7\u00f5es que ocorrem ao redor. Atrav\u00e9s do evangelho podemos aproveitar e firmar nossa identidade em Cristo, completamente&#8221;!<\/p>\n<p>Anderson Vieira do Carmo (16), decidiu participar do grupo em Juiz de Fora (MG) pois encontrou um &#8216;clima bem legal e jovens realmente interessados em conhecer a B\u00edblia&#8217;. \u201cO grupo auxilia muito no nosso crescimento espiritual. Podemos desenvolver uma rela\u00e7\u00e3o de amizade com todos e isso \u00e9 realmente importante. Uma amizade que voc\u00ea pode compartilhar: &#8216;cara, estou precisando de uma ora\u00e7\u00e3o por isso e isso&#8217;. Conselhos, amizade, ajuda, suporte &#8230; Isso tudo na ABS! O grande valor da ABS na minha vida foi descobrir que tinham pessoas que poderiam me ajudar. N\u00e3o foi somente um grupo de estudo! Foi amizade, comunh\u00e3o, e tudo de melhor que voc\u00ea pode imaginar\u201d.<\/p>\n","protected":false},"excerpt":{"rendered":"<p>Neste ano a ABS &#8211; Alian\u00e7a B\u00edblica Secundarista &#8211; est\u00e1 completando 40 anos! O minist\u00e9rio de evangeliza\u00e7\u00e3o e forma\u00e7\u00e3o de lideran\u00e7as entre estudantes de ensino m\u00e9dio \u00e9 um dos bra\u00e7os (ou seria melhor mais uma cabe\u00e7a?) da ABUB e come\u00e7ou a ser desenvolvido no Brasil em 1972. Publicamos abaixo um apanhado hist\u00f3rico do movimento, que [&hellip;]<\/p>\n","protected":false},"author":19,"featured_media":0,"comment_status":"open","ping_status":"open","sticky":false,"template":"","format":"standard","meta":{"ngg_post_thumbnail":0,"footnotes":""},"categories":[5151],"tags":[],"class_list":["post-1549","post","type-post","status-publish","format-standard","hentry","category-outros-papos"],"_links":{"self":[{"href":"https:\/\/ultimato.com.br\/sites\/jovem\/wp-json\/wp\/v2\/posts\/1549","targetHints":{"allow":["GET"]}}],"collection":[{"href":"https:\/\/ultimato.com.br\/sites\/jovem\/wp-json\/wp\/v2\/posts"}],"about":[{"href":"https:\/\/ultimato.com.br\/sites\/jovem\/wp-json\/wp\/v2\/types\/post"}],"author":[{"embeddable":true,"href":"https:\/\/ultimato.com.br\/sites\/jovem\/wp-json\/wp\/v2\/users\/19"}],"replies":[{"embeddable":true,"href":"https:\/\/ultimato.com.br\/sites\/jovem\/wp-json\/wp\/v2\/comments?post=1549"}],"version-history":[{"count":2,"href":"https:\/\/ultimato.com.br\/sites\/jovem\/wp-json\/wp\/v2\/posts\/1549\/revisions"}],"predecessor-version":[{"id":1552,"href":"https:\/\/ultimato.com.br\/sites\/jovem\/wp-json\/wp\/v2\/posts\/1549\/revisions\/1552"}],"wp:attachment":[{"href":"https:\/\/ultimato.com.br\/sites\/jovem\/wp-json\/wp\/v2\/media?parent=1549"}],"wp:term":[{"taxonomy":"category","embeddable":true,"href":"https:\/\/ultimato.com.br\/sites\/jovem\/wp-json\/wp\/v2\/categories?post=1549"},{"taxonomy":"post_tag","embeddable":true,"href":"https:\/\/ultimato.com.br\/sites\/jovem\/wp-json\/wp\/v2\/tags?post=1549"}],"curies":[{"name":"wp","href":"https:\/\/api.w.org\/{rel}","templated":true}]}}