{"id":1545,"date":"2012-03-12T07:00:18","date_gmt":"2012-03-12T10:00:18","guid":{"rendered":"http:\/\/ultimato.com.br\/sites\/jovem\/?p=1545"},"modified":"2012-03-12T09:02:02","modified_gmt":"2012-03-12T12:02:02","slug":"1545","status":"publish","type":"post","link":"https:\/\/ultimato.com.br\/sites\/jovem\/2012\/03\/12\/1545\/","title":{"rendered":"Gilberto Carvalho e os evang\u00e9licos"},"content":{"rendered":"<div id=\"attachment_1546\" style=\"width: 160px\" class=\"wp-caption alignleft\"><a href=\"http:\/\/ultimato.com.br\/sites\/jovem\/files\/2012\/03\/11_03_perseguicao.jpg\" class=\"lightview\" data-lightview-group=\"group-1545\" data-lightview-options=\"skin: 'dark', controls: 'relative', padding: '10', shadow: { color: '#000000', opacity: 0.08, blur: 3 }\" data-lightview-title=\"11_03_perseguicao\"><img loading=\"lazy\" decoding=\"async\" aria-describedby=\"caption-attachment-1546\" class=\"size-thumbnail wp-image-1546\" title=\"11_03_perseguicao\" src=\"http:\/\/ultimato.com.br\/sites\/jovem\/files\/2012\/03\/11_03_perseguicao-150x150.jpg\" alt=\"\" width=\"150\" height=\"150\" srcset=\"https:\/\/ultimato.com.br\/sites\/jovem\/files\/2012\/03\/11_03_perseguicao-150x150.jpg 150w, https:\/\/ultimato.com.br\/sites\/jovem\/files\/2012\/03\/11_03_perseguicao-80x80.jpg 80w\" sizes=\"auto, (max-width: 150px) 100vw, 150px\" \/><\/a><p id=\"caption-attachment-1546\" class=\"wp-caption-text\">Ser\u00e1 que em breve precisaremos nos esconder?<\/p><\/div>\n<p>Recentemente a impressa divulgou que o Min. Gilberto Carvalho, da Secretaria Geral da Presid\u00eancia da Rep\u00fablica, havia proferido um coment\u00e1rio sobre os evang\u00e9licos no F\u00f3rum Social Tem\u00e1tico, realizado no final de janeiro em Porto Alegre (RS). Segundo a imprensa, Carvalho disse que &#8220;a oposi\u00e7\u00e3o virou p\u00f3 e que a pr\u00f3xima batalha ideol\u00f3gica ser\u00e1 com os evang\u00e9licos conservadores, que t\u00eam uma vis\u00e3o do mundo controlada por pastores de televis\u00e3o\u201d.<\/p>\n<p>Para se justificar, Carvalho declarou que sua fala foi distorcida: \u201cO que eu fiz l\u00e1 foi uma constata\u00e7\u00e3o pol\u00edtica que, de fato, quem tem presen\u00e7a na periferia do Brasil, quem fala para as classes sobretudo C, D e E s\u00e3o as igrejas evang\u00e9licas e, portanto, essa presen\u00e7a tem que ser reconhecida, \u00e9 real e efetiva.\u201d<!--more--><\/p>\n<p>Distorcida ou n\u00e3o, Carvalho tem raz\u00e3o, ao menos em parte. Ele est\u00e1 correto ao entender que a igreja tem penetra\u00e7\u00e3o mais abrangente nas classes pobres. Contudo, nos dias atuais, o n\u00famero de evang\u00e9licos tem crescido nas classes A e B, talvez porque a verdadeira doutrina b\u00edblica consiga dar boas respostas aos anseios produzidos pela p\u00f3s-modernidade \u2013 e essa \u00e9 apenas uma raz\u00e3o.<\/p>\n<p>O Ministro acerta, tamb\u00e9m, que estamos diante de uma \u201cbatalha ideol\u00f3gica\u201d. Embora a distin\u00e7\u00e3o entre conservadores e progressistas n\u00e3o seja a melhor, o fato \u00e9 que os evang\u00e9licos, por prezarem pelos valores b\u00edblicos, v\u00e3o de encontro \u00e0 perspectiva proposta atualmente, por exemplo, quanto \u00e0 legaliza\u00e7\u00e3o do aborto e das drogas e ao \u201ckit gay\u201d.<\/p>\n<p>Ele erra, por\u00e9m, em uma quest\u00e3o: as pessoas j\u00e1 n\u00e3o s\u00e3o, hoje, t\u00e3o suscet\u00edveis \u00e0 \u201cvis\u00e3o de mundo\u201d dos pastores. O pr\u00f3prio protestantismo nasceu de um movimento contestat\u00f3rio, e essa realidade est\u00e1 sendo transplantada para dentro das igrejas. A ades\u00e3o \u00e0 conclama\u00e7\u00e3o dos pastores midi\u00e1ticos se d\u00e1, na imensa maioria dos casos, por quest\u00f5es al\u00e9m do mero \u201ccontrole\u201d.<\/p>\n<p>A declara\u00e7\u00e3o de Carvalho, por isso, n\u00e3o nos causa tanta perplexidade, a n\u00e3o ser pelo tratamento dispensado aos pastores que usam da televis\u00e3o em seus minist\u00e9rios. No mais, o Ministro apenas torna expl\u00edcito algo que j\u00e1 ocorre: estamos num embate. Esse embate, al\u00e9m de espiritual, se manifesta \u201cfisicamente\u201d pela persegui\u00e7\u00e3o que os evang\u00e9licos t\u00eam enfrentado.<\/p>\n<p>Mas isso n\u00e3o nos deveria ser surpreendente, mas motivo de j\u00fabilo: \u201cBem-aventurados sois v\u00f3s, quando vos injuriarem e perseguirem e, mentindo, disserem todo o mal contra v\u00f3s por minha causa. Exultai e alegrai-vos, porque \u00e9 grande o vosso galard\u00e3o nos c\u00e9us; porque assim perseguiram os profetas que foram antes de v\u00f3s.\u201d (Mateus 5:11-12)<\/p>\n<p>&nbsp;<\/p>\n<p>Soli Deo Gloria!<\/p>\n<p>__________<\/p>\n<p><strong><a href=\"http:\/\/www.direitoereligiao.com.br\/\">Antonio Carlos da Rosa<\/a><\/strong>, 27 anos, \u00e9 mestrando em <em>Ci\u00eancia da Religi\u00e3o<\/em> e membro do <em>Juristas de Cristo.<br \/>\n<\/em><a href=\"http:\/\/br.mc1114.mail.yahoo.com\/mc\/compose?to=acarlos_juridico@yahoo.com.br\" target=\"_blank\">acarlos_juridico@yahoo.com.br<\/a><\/p>\n","protected":false},"excerpt":{"rendered":"<p>Recentemente a impressa divulgou que o Min. Gilberto Carvalho, da Secretaria Geral da Presid\u00eancia da Rep\u00fablica, havia proferido um coment\u00e1rio sobre os evang\u00e9licos no F\u00f3rum Social Tem\u00e1tico, realizado no final de janeiro em Porto Alegre (RS). Segundo a imprensa, Carvalho disse que &#8220;a oposi\u00e7\u00e3o virou p\u00f3 e que a pr\u00f3xima batalha ideol\u00f3gica ser\u00e1 com os [&hellip;]<\/p>\n","protected":false},"author":19,"featured_media":0,"comment_status":"open","ping_status":"open","sticky":false,"template":"","format":"standard","meta":{"ngg_post_thumbnail":0,"footnotes":""},"categories":[6054],"tags":[],"class_list":["post-1545","post","type-post","status-publish","format-standard","hentry","category-textos"],"_links":{"self":[{"href":"https:\/\/ultimato.com.br\/sites\/jovem\/wp-json\/wp\/v2\/posts\/1545","targetHints":{"allow":["GET"]}}],"collection":[{"href":"https:\/\/ultimato.com.br\/sites\/jovem\/wp-json\/wp\/v2\/posts"}],"about":[{"href":"https:\/\/ultimato.com.br\/sites\/jovem\/wp-json\/wp\/v2\/types\/post"}],"author":[{"embeddable":true,"href":"https:\/\/ultimato.com.br\/sites\/jovem\/wp-json\/wp\/v2\/users\/19"}],"replies":[{"embeddable":true,"href":"https:\/\/ultimato.com.br\/sites\/jovem\/wp-json\/wp\/v2\/comments?post=1545"}],"version-history":[{"count":2,"href":"https:\/\/ultimato.com.br\/sites\/jovem\/wp-json\/wp\/v2\/posts\/1545\/revisions"}],"predecessor-version":[{"id":1548,"href":"https:\/\/ultimato.com.br\/sites\/jovem\/wp-json\/wp\/v2\/posts\/1545\/revisions\/1548"}],"wp:attachment":[{"href":"https:\/\/ultimato.com.br\/sites\/jovem\/wp-json\/wp\/v2\/media?parent=1545"}],"wp:term":[{"taxonomy":"category","embeddable":true,"href":"https:\/\/ultimato.com.br\/sites\/jovem\/wp-json\/wp\/v2\/categories?post=1545"},{"taxonomy":"post_tag","embeddable":true,"href":"https:\/\/ultimato.com.br\/sites\/jovem\/wp-json\/wp\/v2\/tags?post=1545"}],"curies":[{"name":"wp","href":"https:\/\/api.w.org\/{rel}","templated":true}]}}