{"id":1528,"date":"2012-03-07T06:40:46","date_gmt":"2012-03-07T09:40:46","guid":{"rendered":"http:\/\/ultimato.com.br\/sites\/jovem\/?p=1528"},"modified":"2012-03-15T14:18:57","modified_gmt":"2012-03-15T17:18:57","slug":"jovens-de-diversos-paises-da-america-latina-farao-jejum-para-denunciar-a-fome","status":"publish","type":"post","link":"https:\/\/ultimato.com.br\/sites\/jovem\/2012\/03\/07\/jovens-de-diversos-paises-da-america-latina-farao-jejum-para-denunciar-a-fome\/","title":{"rendered":"Jovens de diversos pa\u00edses da Am\u00e9rica Latina far\u00e3o jejum para denunciar a fome"},"content":{"rendered":"<p>(<a href=\"http:\/\/visaomundial.org.br\/noticias\/view\/jovens-de-diversos-paises-da-america-latina-farao-jejum-para-denunciar-a-fome.html\" target=\"_blank\">Vis\u00e3o Mundial<\/a>) Nos dias <strong>23 e 24 de mar\u00e7o<\/strong>, adolescentes e jovens de 13 pa\u00edses da Am\u00e9rica Latina e Caribe far\u00e3o<strong> jejum de 24 horas<\/strong> denunciando o problema da fome no mundo. Al\u00e9m disso, eles renunciar\u00e3o tamb\u00e9m a comodidades como TV, celulares, Ipods e outros gostos pessoais lembrando os milh\u00f5es de pessoas que ainda sofrem com a m\u00e1 distribui\u00e7\u00e3o dos alimentos e desnutri\u00e7\u00e3o. O evento da campanha <a href=\"http:\/\/www.altoalhambre.org\/home.php?p=2\" target=\"_blank\">Diga N\u00e3o \u00e0 Fome<\/a> no Brasil vai acontecer em Curitiba, na sede da Igreja Bola de Neve.<!--more--><\/p>\n<p>Segundo a Comiss\u00e3o Econ\u00f4mica para Am\u00e9rica Latina e Caribe (CEPAL), 31% da popula\u00e7\u00e3o, ou seja, 177 milh\u00f5es de pessoas na regi\u00e3o s\u00e3o pobres e 55 milh\u00f5es sentem fome. J\u00e1 de acordo com dados do Programa Mundial de Alimentos (PMA) (dados de 2011), ag\u00eancia das Na\u00e7\u00f5es Unidas, uma crian\u00e7a morre a cada seis segundos por causas relacionadas \u00e0 fome no planeta. Quase 1 bilh\u00e3o de pessoas sofre regularmente com a fome, sendo a maioria mulheres e crian\u00e7as.<\/p>\n<p>A campanha est\u00e1 sendo desenvolvida tamb\u00e9m pelos escrit\u00f3rios da Vis\u00e3o Mundial na Bol\u00edvia, Chile, Col\u00f4mbia, Costa Rica, Equador, El Salvador, Guatemala, Honduras, M\u00e9xico, Nicar\u00e1gua, Peru e Rep\u00fablica Dominicana, com o apoio de parceiros como universidades, igrejas e outras ONGs e ter\u00e1 transmiss\u00f5es ao vivo atrav\u00e9s das m\u00eddias sociais da organiza\u00e7\u00e3o.<\/p>\n<p>Al\u00e9m de chamar a aten\u00e7\u00e3o sobre a situa\u00e7\u00e3o de fome que ainda afeta significativamente as popula\u00e7\u00f5es mais vulner\u00e1veis, a campanha vai arrecadar recursos para beneficiar projetos de redu\u00e7\u00e3o da fome e desnutri\u00e7\u00e3o no Brasil e no Chifre da \u00c1frica, onde a organiza\u00e7\u00e3o vem respondendo \u00e0 situa\u00e7\u00e3o de emerg\u00eancia com a falta de alimentos.<\/p>\n","protected":false},"excerpt":{"rendered":"<p>(Vis\u00e3o Mundial) Nos dias 23 e 24 de mar\u00e7o, adolescentes e jovens de 13 pa\u00edses da Am\u00e9rica Latina e Caribe far\u00e3o jejum de 24 horas denunciando o problema da fome no mundo. Al\u00e9m disso, eles renunciar\u00e3o tamb\u00e9m a comodidades como TV, celulares, Ipods e outros gostos pessoais lembrando os milh\u00f5es de pessoas que ainda sofrem [&hellip;]<\/p>\n","protected":false},"author":19,"featured_media":1529,"comment_status":"open","ping_status":"open","sticky":false,"template":"","format":"standard","meta":{"ngg_post_thumbnail":0,"footnotes":""},"categories":[172],"tags":[],"class_list":["post-1528","post","type-post","status-publish","format-standard","has-post-thumbnail","hentry","category-agenda"],"_links":{"self":[{"href":"https:\/\/ultimato.com.br\/sites\/jovem\/wp-json\/wp\/v2\/posts\/1528","targetHints":{"allow":["GET"]}}],"collection":[{"href":"https:\/\/ultimato.com.br\/sites\/jovem\/wp-json\/wp\/v2\/posts"}],"about":[{"href":"https:\/\/ultimato.com.br\/sites\/jovem\/wp-json\/wp\/v2\/types\/post"}],"author":[{"embeddable":true,"href":"https:\/\/ultimato.com.br\/sites\/jovem\/wp-json\/wp\/v2\/users\/19"}],"replies":[{"embeddable":true,"href":"https:\/\/ultimato.com.br\/sites\/jovem\/wp-json\/wp\/v2\/comments?post=1528"}],"version-history":[{"count":4,"href":"https:\/\/ultimato.com.br\/sites\/jovem\/wp-json\/wp\/v2\/posts\/1528\/revisions"}],"predecessor-version":[{"id":1531,"href":"https:\/\/ultimato.com.br\/sites\/jovem\/wp-json\/wp\/v2\/posts\/1528\/revisions\/1531"}],"wp:featuredmedia":[{"embeddable":true,"href":"https:\/\/ultimato.com.br\/sites\/jovem\/wp-json\/wp\/v2\/media\/1529"}],"wp:attachment":[{"href":"https:\/\/ultimato.com.br\/sites\/jovem\/wp-json\/wp\/v2\/media?parent=1528"}],"wp:term":[{"taxonomy":"category","embeddable":true,"href":"https:\/\/ultimato.com.br\/sites\/jovem\/wp-json\/wp\/v2\/categories?post=1528"},{"taxonomy":"post_tag","embeddable":true,"href":"https:\/\/ultimato.com.br\/sites\/jovem\/wp-json\/wp\/v2\/tags?post=1528"}],"curies":[{"name":"wp","href":"https:\/\/api.w.org\/{rel}","templated":true}]}}