{"id":1523,"date":"2012-03-02T11:38:08","date_gmt":"2012-03-02T14:38:08","guid":{"rendered":"http:\/\/ultimato.com.br\/sites\/jovem\/?p=1523"},"modified":"2012-03-02T11:39:28","modified_gmt":"2012-03-02T14:39:28","slug":"escola-de-teologia-labri","status":"publish","type":"post","link":"https:\/\/ultimato.com.br\/sites\/jovem\/2012\/03\/02\/escola-de-teologia-labri\/","title":{"rendered":"Escola de Teologia L&#8217;Abri"},"content":{"rendered":"<p>Estamos um pouco em cima da hora, mas se voc\u00eas foram bem espertinhos, ainda d\u00e1 tempo de participar. \ud83d\ude00<\/p>\n<p>Come\u00e7a na pr\u00f3xima semana os cursos de <strong>Teologia<\/strong> e <strong>Apolog\u00e9tica<\/strong> da <a href=\"http:\/\/www.labri-brasil.blogspot.com\/2012\/01\/cursos-da-escola-de-teologia-e-vida.html\" target=\"_blank\">Escola de Teologia 2012 do L&#8217;Abri<\/a>, &#8220;um dos principais centros de estudos crist\u00e3os do Brasil e que tem comprometimento com a vis\u00e3o integral do Evangelho&#8221;, disse Marcos Bontempo, nosso diretor editorial. Se voc\u00ea quer aprofundar seu conhecimento teol\u00f3gico, <a href=\"http:\/\/www.labribrasil.org\/formulriodematrcula.htm\" target=\"_blank\">esta \u00e9 a sua oportunidade<\/a>. E n\u00e3o adianta usar a desculpa da falta de tempo: o curso pode ser feito tanto na escola como de casa, \u00e0 dist\u00e2ncia.<\/p>\n<p><a href=\"http:\/\/www.labribrasil.org\/\"><img loading=\"lazy\" decoding=\"async\" class=\"aligncenter size-full wp-image-1524\" title=\"\" src=\"http:\/\/ultimato.com.br\/sites\/jovem\/files\/2012\/03\/02_03_escolateovidacrista_jovem.jpg\" alt=\"\" width=\"400\" height=\"212\" srcset=\"https:\/\/ultimato.com.br\/sites\/jovem\/files\/2012\/03\/02_03_escolateovidacrista_jovem.jpg 400w, https:\/\/ultimato.com.br\/sites\/jovem\/files\/2012\/03\/02_03_escolateovidacrista_jovem-300x159.jpg 300w, https:\/\/ultimato.com.br\/sites\/jovem\/files\/2012\/03\/02_03_escolateovidacrista_jovem-150x79.jpg 150w\" sizes=\"auto, (max-width: 400px) 100vw, 400px\" \/><\/a><\/p>\n<p><strong><!--more-->Teologia ou Apolog\u00e9tica?<\/strong><\/p>\n<p>O Curso de Teologia tem o objetivo de oferecer a crist\u00e3os e igrejas um curr\u00edculo consistente e completo para o crescimento espiritual e o discipulado, apropriado tanto para indiv\u00edduos em busca de aperfei\u00e7oamento quanto para volunt\u00e1rios e obreiros em busca de subs\u00eddios para o trabalho de discipulado e aconselhamento crist\u00e3o. O Curso de Apolog\u00e9tica tem o objetivo de oferecer a crist\u00e3os e igrejas uma introdu\u00e7\u00e3o s\u00f3lida ao tema da apolog\u00e9tica crist\u00e3 e os recursos b\u00e1sicos para sustentar um di\u00e1logo de defesa da f\u00e9 crist\u00e3 com pessoas com <em>background<\/em> secularizado, racionalista ou ate\u00edsta, tendo em vista o ambiente intelectual universit\u00e1rio t\u00edpico.<\/p>\n","protected":false},"excerpt":{"rendered":"<p>Estamos um pouco em cima da hora, mas se voc\u00eas foram bem espertinhos, ainda d\u00e1 tempo de participar. \ud83d\ude00 Come\u00e7a na pr\u00f3xima semana os cursos de Teologia e Apolog\u00e9tica da Escola de Teologia 2012 do L&#8217;Abri, &#8220;um dos principais centros de estudos crist\u00e3os do Brasil e que tem comprometimento com a vis\u00e3o integral do Evangelho&#8221;, [&hellip;]<\/p>\n","protected":false},"author":19,"featured_media":0,"comment_status":"open","ping_status":"open","sticky":false,"template":"","format":"standard","meta":{"ngg_post_thumbnail":0,"footnotes":""},"categories":[172],"tags":[],"class_list":["post-1523","post","type-post","status-publish","format-standard","hentry","category-agenda"],"_links":{"self":[{"href":"https:\/\/ultimato.com.br\/sites\/jovem\/wp-json\/wp\/v2\/posts\/1523","targetHints":{"allow":["GET"]}}],"collection":[{"href":"https:\/\/ultimato.com.br\/sites\/jovem\/wp-json\/wp\/v2\/posts"}],"about":[{"href":"https:\/\/ultimato.com.br\/sites\/jovem\/wp-json\/wp\/v2\/types\/post"}],"author":[{"embeddable":true,"href":"https:\/\/ultimato.com.br\/sites\/jovem\/wp-json\/wp\/v2\/users\/19"}],"replies":[{"embeddable":true,"href":"https:\/\/ultimato.com.br\/sites\/jovem\/wp-json\/wp\/v2\/comments?post=1523"}],"version-history":[{"count":3,"href":"https:\/\/ultimato.com.br\/sites\/jovem\/wp-json\/wp\/v2\/posts\/1523\/revisions"}],"predecessor-version":[{"id":1526,"href":"https:\/\/ultimato.com.br\/sites\/jovem\/wp-json\/wp\/v2\/posts\/1523\/revisions\/1526"}],"wp:attachment":[{"href":"https:\/\/ultimato.com.br\/sites\/jovem\/wp-json\/wp\/v2\/media?parent=1523"}],"wp:term":[{"taxonomy":"category","embeddable":true,"href":"https:\/\/ultimato.com.br\/sites\/jovem\/wp-json\/wp\/v2\/categories?post=1523"},{"taxonomy":"post_tag","embeddable":true,"href":"https:\/\/ultimato.com.br\/sites\/jovem\/wp-json\/wp\/v2\/tags?post=1523"}],"curies":[{"name":"wp","href":"https:\/\/api.w.org\/{rel}","templated":true}]}}