{"id":1499,"date":"2012-02-23T12:46:52","date_gmt":"2012-02-23T15:46:52","guid":{"rendered":"http:\/\/ultimato.com.br\/sites\/jovem\/?p=1499"},"modified":"2012-02-23T12:46:52","modified_gmt":"2012-02-23T15:46:52","slug":"edital-seleciona-projetos-de-protagonismo-juvenil","status":"publish","type":"post","link":"https:\/\/ultimato.com.br\/sites\/jovem\/2012\/02\/23\/edital-seleciona-projetos-de-protagonismo-juvenil\/","title":{"rendered":"Edital seleciona projetos de protagonismo juvenil"},"content":{"rendered":"<p>O Instituto de Cultura, Arte, Ci\u00eancia e Esporte (Cuca) lan\u00e7ou edital para sele\u00e7\u00e3o de projetos que promovam campanhas que estimulem a participa\u00e7\u00e3o cidad\u00e3 dos jovens no tocante \u00e0 sua qualidade de vida, seu desenvolvimento integral e \u00e0 valoriza\u00e7\u00e3o da diversidade. O objetivo \u00e9 estimular o protagonismo de jovens de 15 a 29 anos. Ser\u00e3o selecionados dez projetos que realizem campanhas em defesa do meio ambiente; quinze que difundam a ideia da vida saud\u00e1vel e dez que promovam a\u00e7\u00f5es contra discrimina\u00e7\u00e3o.<\/p>\n<p>Na campanha pelo meio ambiente, o projeto deve contemplar a coleta seletiva e a reciclagem do lixo, o consumo sustent\u00e1vel e a n\u00e3o polui\u00e7\u00e3o de espa\u00e7os p\u00fablicos e dos recursos h\u00eddricos da cidade. Na campanha pela sa\u00fade, a alimenta\u00e7\u00e3o, o planejamento familiar e o uso de drogas s\u00e3o focos do edital. J\u00e1 a campanha contra as discrimina\u00e7\u00f5es deve envolver a\u00e7\u00f5es que promovam os direitos humanos e a consci\u00eancia contra a opress\u00e3o de g\u00eanero, de identidade sexual, racial ou religiosa.<\/p>\n<p>Ser\u00e3o disponibilizados R$ 400 mil para o financiamento de 40 projetos no valor de R$ 10 mil cada.<\/p>\n<p>Os interessados podem inscrever seus projetos na sede do Instituto Cuca, entre os dias 12 e 16 de mar\u00e7o, das 8h \u00e0s 12h e de 14h \u00e0s 17h, de acordo com o <a href=\"O Instituto de Cultura, Arte, Ci\u00eancia e Esporte (Cuca) lan\u00e7ou edital para sele\u00e7\u00e3o de projetos que promovam campanhas que estimulem a participa\u00e7\u00e3o cidad\u00e3 dos jovens no tocante \u00e0 sua qualidade de vida, seu desenvolvimento integral e \u00e0 valoriza\u00e7\u00e3o da diversidade. O objetivo \u00e9 estimular o protagonismo de jovens de 15 a 29 anos. Ser\u00e3o selecionados dez projetos que realizem campanhas em defesa do meio ambiente; quinze que difundam a ideia da vida saud\u00e1vel e dez que promovam a\u00e7\u00f5es contra discrimina\u00e7\u00e3o.     Na campanha pelo meio ambiente, o projeto deve contemplar a coleta seletiva e a reciclagem do lixo, o consumo sustent\u00e1vel e a n\u00e3o polui\u00e7\u00e3o de espa\u00e7os p\u00fablicos e dos recursos h\u00eddricos da cidade. Na campanha pela sa\u00fade, a alimenta\u00e7\u00e3o, o planejamento familiar e o uso de drogas s\u00e3o focos do edital. J\u00e1 a campanha contra as discrimina\u00e7\u00f5es deve envolver a\u00e7\u00f5es que promovam os direitos humanos e a consci\u00eancia contra a opress\u00e3o de g\u00eanero, de identidade sexual, racial ou religiosa.  Ser\u00e3o disponibilizados R$ 400 mil para o financiamento de 40 projetos no valor de R$ 10 mil cada.  Os interessados podem inscrever seus projetos na sede do Instituto Cuca, entre os dias 12 e 16 de mar\u00e7o, das 8h \u00e0s 12h e de 14h \u00e0s 17h, de acordo com o edital. A lista dos selecionados ser\u00e1 divulgada no dia 26 de mar\u00e7o no site da Coordenadoria de Juventude.  Servi\u00e7o Edital para Sele\u00e7\u00e3o de Projetos de Protagonismo Juvenil \u2013 Fortaleza 2012 Per\u00edodo de inscri\u00e7\u00e3o: 12 a 16 de mar\u00e7o Hor\u00e1rio: das 8h \u00e0s 12h e de 14h \u00e0s 17h Local: Cuca Che Guevara (Avenida Castelo Branco, 6417 - Barra do Cear\u00e1)\" target=\"_blank\">edital<\/a>. A lista dos selecionados ser\u00e1 divulgada no dia 26 de mar\u00e7o no <a href=\"http:\/\/www.fortaleza.ce.gov.br\/juventude\/\" target=\"_blank\">site da Coordenadoria de Juventude<\/a>.<!--more--><\/p>\n<p><strong>Servi\u00e7o<\/strong><\/p>\n<p>Edital para Sele\u00e7\u00e3o de Projetos de Protagonismo Juvenil \u2013 Fortaleza 2012<br \/>\nPer\u00edodo de inscri\u00e7\u00e3o: 12 a 16 de mar\u00e7o<br \/>\nHor\u00e1rio: das 8h \u00e0s 12h e de 14h \u00e0s 17h<br \/>\nLocal: Cuca Che Guevara (Avenida Castelo Branco, 6417 &#8211; Barra do Cear\u00e1)<\/p>\n<p>&nbsp;<\/p>\n<p><em>Publicado originalmente no <a href=\"http:\/\/www.radiouniversitariafm.com.br\/noticias\/289-edital-seleciona-projetos-de-protagonismo-juvenil\" target=\"_blank\">site da r\u00e1dio Universit\u00e1ria da Universidade Federal do Cear\u00e1<\/a><\/em><\/p>\n","protected":false},"excerpt":{"rendered":"<p>O Instituto de Cultura, Arte, Ci\u00eancia e Esporte (Cuca) lan\u00e7ou edital para sele\u00e7\u00e3o de projetos que promovam campanhas que estimulem a participa\u00e7\u00e3o cidad\u00e3 dos jovens no tocante \u00e0 sua qualidade de vida, seu desenvolvimento integral e \u00e0 valoriza\u00e7\u00e3o da diversidade. O objetivo \u00e9 estimular o protagonismo de jovens de 15 a 29 anos. Ser\u00e3o selecionados [&hellip;]<\/p>\n","protected":false},"author":19,"featured_media":0,"comment_status":"open","ping_status":"open","sticky":false,"template":"","format":"standard","meta":{"ngg_post_thumbnail":0,"footnotes":""},"categories":[5152],"tags":[],"class_list":["post-1499","post","type-post","status-publish","format-standard","hentry","category-altas-indicacoes"],"_links":{"self":[{"href":"https:\/\/ultimato.com.br\/sites\/jovem\/wp-json\/wp\/v2\/posts\/1499","targetHints":{"allow":["GET"]}}],"collection":[{"href":"https:\/\/ultimato.com.br\/sites\/jovem\/wp-json\/wp\/v2\/posts"}],"about":[{"href":"https:\/\/ultimato.com.br\/sites\/jovem\/wp-json\/wp\/v2\/types\/post"}],"author":[{"embeddable":true,"href":"https:\/\/ultimato.com.br\/sites\/jovem\/wp-json\/wp\/v2\/users\/19"}],"replies":[{"embeddable":true,"href":"https:\/\/ultimato.com.br\/sites\/jovem\/wp-json\/wp\/v2\/comments?post=1499"}],"version-history":[{"count":2,"href":"https:\/\/ultimato.com.br\/sites\/jovem\/wp-json\/wp\/v2\/posts\/1499\/revisions"}],"predecessor-version":[{"id":1501,"href":"https:\/\/ultimato.com.br\/sites\/jovem\/wp-json\/wp\/v2\/posts\/1499\/revisions\/1501"}],"wp:attachment":[{"href":"https:\/\/ultimato.com.br\/sites\/jovem\/wp-json\/wp\/v2\/media?parent=1499"}],"wp:term":[{"taxonomy":"category","embeddable":true,"href":"https:\/\/ultimato.com.br\/sites\/jovem\/wp-json\/wp\/v2\/categories?post=1499"},{"taxonomy":"post_tag","embeddable":true,"href":"https:\/\/ultimato.com.br\/sites\/jovem\/wp-json\/wp\/v2\/tags?post=1499"}],"curies":[{"name":"wp","href":"https:\/\/api.w.org\/{rel}","templated":true}]}}