{"id":1488,"date":"2012-02-15T08:00:23","date_gmt":"2012-02-15T11:00:23","guid":{"rendered":"http:\/\/ultimato.com.br\/sites\/jovem\/?p=1488"},"modified":"2012-02-13T15:30:09","modified_gmt":"2012-02-13T18:30:09","slug":"em-lenta-perseguicao","status":"publish","type":"post","link":"https:\/\/ultimato.com.br\/sites\/jovem\/2012\/02\/15\/em-lenta-perseguicao\/","title":{"rendered":"Em lenta persegui\u00e7\u00e3o"},"content":{"rendered":"<blockquote><p><a href=\"http:\/\/ultimato.com.br\/sites\/jovem\/files\/2012\/02\/15_02_leao_jovem.jpg\" class=\"lightview\" data-lightview-group=\"group-1488\" data-lightview-options=\"skin: 'dark', controls: 'relative', padding: '10', shadow: { color: '#000000', opacity: 0.08, blur: 3 }\" data-lightview-title=\"\"><img loading=\"lazy\" decoding=\"async\" class=\"alignleft size-thumbnail wp-image-1489\" title=\"\" src=\"http:\/\/ultimato.com.br\/sites\/jovem\/files\/2012\/02\/15_02_leao_jovem-150x150.jpg\" alt=\"\" width=\"150\" height=\"150\" srcset=\"https:\/\/ultimato.com.br\/sites\/jovem\/files\/2012\/02\/15_02_leao_jovem-150x150.jpg 150w, https:\/\/ultimato.com.br\/sites\/jovem\/files\/2012\/02\/15_02_leao_jovem-80x80.jpg 80w\" sizes=\"auto, (max-width: 150px) 100vw, 150px\" \/><\/a>\u201cEu sou o Le\u00e3o. O le\u00e3o que o perseguiu e o for\u00e7ou a encontrar-se com Aravis. Fui eu o gato que o consolou na casa dos mortos. Fui eu o le\u00e3o que espantou os chacais para que voc\u00ea dormisse. Fui eu o le\u00e3o que assustou os cavalos a fim de que chegassem a tempo de avisar o rei Luna. E fui eu o le\u00e3o que empurrou para a praia a canoa em que voc\u00ea dormia, uma crian\u00e7a quase morta, para que um homem, acordado \u00e0 meia-noite, o acolhesse\u201d<br \/>\nAslam para Shasta, em <strong>As Cr\u00f4nicas de N\u00e1rnia: O cavalo e seu menino<\/strong><\/p><\/blockquote>\n<p>A hist\u00f3ria se passa em N\u00e1rnia. Um Le\u00e3o persegue um menino. Sua presen\u00e7a se nota no meio da noite, ou na areia da praia. Em nenhum momento o menino passa despercebido. Cada segundo, cada detalhe, o Le\u00e3o n\u00e3o perde nada. Est\u00e1 l\u00e1 para assustar ou proteger. A hist\u00f3ria poderia se passar em qualquer lugar&#8230;<br \/>\nAqui, como num conto de fadas, caminho na noite e Tu me persegues. Momentos incont\u00e1veis de medo. Encontros for\u00e7ados, pavores. Os sustos, as sombras. Quando achei que tivesse me perdido, com ritmo e sem preocupa\u00e7\u00e3o, fui perseguida.<!--more--><\/p>\n<p>Cuidou de mim em meio ao perigo. Os chacais vieram para me destruir. Voc\u00ea os espantou. Nadou comigo e n\u00e3o morri na praia. Quando precisei dormir sozinha no escuro, deitou ao meu lado e me aqueceu. Jamais estive s\u00f3. E tantas vezes acreditei que fossem fantasmas&#8230;<\/p>\n<p>Assustou-me. Mudei a dire\u00e7\u00e3o e encontrei quem me ajudaria a chegar. Deixou-me com medo, e ele me fez correr. No caminho, nos encontramos. Provou minha coragem ao atacar os mais queridos. Eu O encarei, decidida a n\u00e3o fugir mais. Feriu alguns, afagou outros. Imponente e majestoso, espantoso como um le\u00e3o no meio da noite, em todo o tempo Voc\u00ea estava l\u00e1.<br \/>\nPermitiu momentos de dor e incerteza. A vida espancou-me e me fez chorar. Achei que estivesse contra mim. Perdi. S\u00f3 ent\u00e3o notei: se est\u00e1s comigo, nada falta. Foi quando chorei que olhei para Ti. A dor me fez voltar. Agora trilho o caminho e me reencontro com quem fui criada para ser. Porque Voc\u00ea faz tudo cooperar para o bem.<\/p>\n<p>S\u00f3 no fim o menino conseguiu ver Aslam. E eu agora vejo. Nunca desistiu e me conquistou. Preocupou-se com cada detalhe, cercou-me com la\u00e7os de amor. Andou comigo. Sempre desejou que estiv\u00e9ssemos juntos.<\/p>\n<p>Ainda \u00e9 noite. Ando na grama molhada. Passos me seguem. Meu cora\u00e7\u00e3o pulsa. Tenho medo, mas agora sei que \u00e9 Voc\u00ea.<\/p>\n<blockquote><p>\u201cCaminhando a seu lado, maior do que o cavalo, estava um Le\u00e3o. O cavalo n\u00e3o parecia ter medo, ou talvez n\u00e3o o visse. Era dele que vinha a luz dourada. Ningu\u00e9m jamais viu algo t\u00e3o belo e terr\u00edvel\u201d<br \/>\nAslam para Shasta, em <strong>As Cr\u00f4nicas de N\u00e1rnia: O cavalo e seu menino<\/strong><\/p><\/blockquote>\n<p>_________<\/p>\n<p><strong><a href=\"http:\/\/sujospes.wordpress.com\/\" target=\"_blank\">Eliceli Bonan<\/a>,\u00a0<\/strong>24 anos, \u00e9 jornalista, mission\u00e1ria de JOCUM na base em Curitiba (PR). Gosta de ler, ver filmes, tocar instrumentos musicais\u2026<\/p>\n","protected":false},"excerpt":{"rendered":"<p>\u201cEu sou o Le\u00e3o. O le\u00e3o que o perseguiu e o for\u00e7ou a encontrar-se com Aravis. Fui eu o gato que o consolou na casa dos mortos. Fui eu o le\u00e3o que espantou os chacais para que voc\u00ea dormisse. Fui eu o le\u00e3o que assustou os cavalos a fim de que chegassem a tempo de [&hellip;]<\/p>\n","protected":false},"author":19,"featured_media":0,"comment_status":"open","ping_status":"open","sticky":false,"template":"","format":"standard","meta":{"ngg_post_thumbnail":0,"footnotes":""},"categories":[6054],"tags":[],"class_list":["post-1488","post","type-post","status-publish","format-standard","hentry","category-textos"],"_links":{"self":[{"href":"https:\/\/ultimato.com.br\/sites\/jovem\/wp-json\/wp\/v2\/posts\/1488","targetHints":{"allow":["GET"]}}],"collection":[{"href":"https:\/\/ultimato.com.br\/sites\/jovem\/wp-json\/wp\/v2\/posts"}],"about":[{"href":"https:\/\/ultimato.com.br\/sites\/jovem\/wp-json\/wp\/v2\/types\/post"}],"author":[{"embeddable":true,"href":"https:\/\/ultimato.com.br\/sites\/jovem\/wp-json\/wp\/v2\/users\/19"}],"replies":[{"embeddable":true,"href":"https:\/\/ultimato.com.br\/sites\/jovem\/wp-json\/wp\/v2\/comments?post=1488"}],"version-history":[{"count":2,"href":"https:\/\/ultimato.com.br\/sites\/jovem\/wp-json\/wp\/v2\/posts\/1488\/revisions"}],"predecessor-version":[{"id":1491,"href":"https:\/\/ultimato.com.br\/sites\/jovem\/wp-json\/wp\/v2\/posts\/1488\/revisions\/1491"}],"wp:attachment":[{"href":"https:\/\/ultimato.com.br\/sites\/jovem\/wp-json\/wp\/v2\/media?parent=1488"}],"wp:term":[{"taxonomy":"category","embeddable":true,"href":"https:\/\/ultimato.com.br\/sites\/jovem\/wp-json\/wp\/v2\/categories?post=1488"},{"taxonomy":"post_tag","embeddable":true,"href":"https:\/\/ultimato.com.br\/sites\/jovem\/wp-json\/wp\/v2\/tags?post=1488"}],"curies":[{"name":"wp","href":"https:\/\/api.w.org\/{rel}","templated":true}]}}