{"id":1469,"date":"2012-02-08T10:21:30","date_gmt":"2012-02-08T13:21:30","guid":{"rendered":"http:\/\/ultimato.com.br\/sites\/jovem\/?p=1469"},"modified":"2012-02-08T10:42:55","modified_gmt":"2012-02-08T13:42:55","slug":"novo-look","status":"publish","type":"post","link":"https:\/\/ultimato.com.br\/sites\/jovem\/2012\/02\/08\/novo-look\/","title":{"rendered":"Novo look"},"content":{"rendered":"<p>O mundo foi invadido pela linguagem da moda: todo dia tem uma pessoa diferente falando sobre <em>make-ups<\/em>, <em>color blocking<\/em>, clogs, cal\u00e7as <em>skinny<\/em>, <em>blazers boyfriend<\/em>, esmaltes pops e<em> undercut hairstyles<\/em>. Todos querem novos <em>looks<\/em>. A gente n\u00e3o sabe dar dicas de marcas de sombras com glitter ou apontar o t\u00eanis mais legal que os meninos de Londres est\u00e3o usando, mas tamb\u00e9m gostamos de trocar de roupa. Reparou que estamos com o visual repaginado?<\/p>\n<p>Nosso \u201cnovo look\u201d \u00e9 cria\u00e7\u00e3o da Ana Cl\u00e1udia Nunes, a publicit\u00e1ria da Ultimato, que tamb\u00e9m faz parte do <a href=\"http:\/\/ultimato.com.br\/sites\/blogdaultimato\/2011\/11\/04\/de-jovem-para-jovem\/\" target=\"_blank\">Conselho Editorial Jovem<\/a>. &#8220;A ideia foi colocar um pouco da miscel\u00e2nia existente na cabe\u00e7a e no cora\u00e7\u00e3o do jovem, que sempre re\u00fane tantas coisas, refer\u00eancias diferentes no mesmo lugar, tudo ao mesmo tempo. M\u00fasica, cores, livros, hor\u00e1rios&#8230; uma vida din\u00e2mica, vibrante e que tem bom humor, \u00e9 alegre, divertido. Tive como refer\u00eancia a pop art, os quadrinhos e as cores fortes, que tamb\u00e9m est\u00e3o no nosso boletim\u201d, resume.<\/p>\n<div id=\"attachment_1470\" style=\"width: 510px\" class=\"wp-caption aligncenter\"><a href=\"http:\/\/ultimato.com.br\/sites\/jovem\/files\/2012\/02\/08_02_bg_blogjovem.jpg\" class=\"lightview\" data-lightview-group=\"group-1469\" data-lightview-options=\"skin: 'dark', controls: 'relative', padding: '10', shadow: { color: '#000000', opacity: 0.08, blur: 3 }\" data-lightview-title=\"\"><img loading=\"lazy\" decoding=\"async\" aria-describedby=\"caption-attachment-1470\" class=\"size-full wp-image-1470\" title=\"\" src=\"http:\/\/ultimato.com.br\/sites\/jovem\/files\/2012\/02\/08_02_bg_blogjovem.jpg\" alt=\"\" width=\"500\" height=\"110\" srcset=\"https:\/\/ultimato.com.br\/sites\/jovem\/files\/2012\/02\/08_02_bg_blogjovem.jpg 500w, https:\/\/ultimato.com.br\/sites\/jovem\/files\/2012\/02\/08_02_bg_blogjovem-300x66.jpg 300w, https:\/\/ultimato.com.br\/sites\/jovem\/files\/2012\/02\/08_02_bg_blogjovem-150x33.jpg 150w\" sizes=\"auto, (max-width: 500px) 100vw, 500px\" \/><\/a><p id=\"caption-attachment-1470\" class=\"wp-caption-text\">Adeus, roupa antiga!<\/p><\/div>\n<p>Apesar de gostarmos bastante do nosso antigo topo, j\u00e1 era hora de mudar. Desde que o blog foi inaugurado, em julho de 2009, n\u00e3o hav\u00edamos mudado de roupa nem uma vezinha! (Fica aqui o nosso \u201cmuito obrigado\u201d ao Lucas e \u00e0 Paula, amigos que emprestaram sua imagem ao blog por todo esse tempo) Na nova roupagem seguimos as influ\u00eancias das passarelas europeias (haha, \u00e9 brincadeira!) e apostamos nas cores vibrantes, na mistura de padronagens (ak\u00e1 colagem) e nos acess\u00f3rios. Gostaram dos nossos \u201craios\u201d laterais?<\/p>\n<p>Esperamos que apreciem esta primeira mudan\u00e7a, pois v\u00e1rias outras ainda acontecer\u00e3o ao longo desse ano. Gostar\u00edamos muito (MUITO MUITO MUITO MESMO!) que voc\u00ea fizesse parte desse processo e, para isso, fizemos um question\u00e1rio curtinho, que segue abaixo. A partir do que voc\u00eas apontarem, poderemos deixar o blog mais parecido com voc\u00ea, com a sua turma, com as juventudes crist\u00e3s. Quem participar, concorrer\u00e1 a um exemplar do livro mais vendido nos \u00faltimos tempo, \u201cO Disc\u00edpulo Radical\u201d, \u00faltima obra escrita por John Stott antes de morrer. Que tal? Responde, espalha entre os amigos, ajuda a gente!<\/p>\n<p><iframe loading=\"lazy\" src=\"https:\/\/docs.google.com\/a\/ultimato.com.br\/spreadsheet\/embeddedform?formkey=dFdORk9udFA2eW5JWFNMR2hzN3prdWc6MQ\" frameborder=\"0\" marginwidth=\"0\" marginheight=\"0\" width=\"760\" height=\"1328\"><\/iframe><br \/>\n<!--more--><br \/>\nEstamos muito animados com esse novo ano. Que essa nossa energia possa contaminar voc\u00eas, e vice versa!<\/p>\n<p>&nbsp;<\/p>\n<p>Um abra\u00e7o fraternal,<\/p>\n<p>_________<\/p>\n<p><strong>Pabline Felix<\/strong>, em nome do <strong>Conselho Editorial Jovem da Ultimato<\/strong><\/p>\n","protected":false},"excerpt":{"rendered":"<p>O mundo foi invadido pela linguagem da moda: todo dia tem uma pessoa diferente falando sobre make-ups, color blocking, clogs, cal\u00e7as skinny, blazers boyfriend, esmaltes pops e undercut hairstyles. Todos querem novos looks. A gente n\u00e3o sabe dar dicas de marcas de sombras com glitter ou apontar o t\u00eanis mais legal que os meninos de [&hellip;]<\/p>\n","protected":false},"author":19,"featured_media":0,"comment_status":"open","ping_status":"open","sticky":false,"template":"","format":"standard","meta":{"ngg_post_thumbnail":0,"footnotes":""},"categories":[9],"tags":[],"class_list":["post-1469","post","type-post","status-publish","format-standard","hentry","category-sem-categoria"],"_links":{"self":[{"href":"https:\/\/ultimato.com.br\/sites\/jovem\/wp-json\/wp\/v2\/posts\/1469","targetHints":{"allow":["GET"]}}],"collection":[{"href":"https:\/\/ultimato.com.br\/sites\/jovem\/wp-json\/wp\/v2\/posts"}],"about":[{"href":"https:\/\/ultimato.com.br\/sites\/jovem\/wp-json\/wp\/v2\/types\/post"}],"author":[{"embeddable":true,"href":"https:\/\/ultimato.com.br\/sites\/jovem\/wp-json\/wp\/v2\/users\/19"}],"replies":[{"embeddable":true,"href":"https:\/\/ultimato.com.br\/sites\/jovem\/wp-json\/wp\/v2\/comments?post=1469"}],"version-history":[{"count":7,"href":"https:\/\/ultimato.com.br\/sites\/jovem\/wp-json\/wp\/v2\/posts\/1469\/revisions"}],"predecessor-version":[{"id":1477,"href":"https:\/\/ultimato.com.br\/sites\/jovem\/wp-json\/wp\/v2\/posts\/1469\/revisions\/1477"}],"wp:attachment":[{"href":"https:\/\/ultimato.com.br\/sites\/jovem\/wp-json\/wp\/v2\/media?parent=1469"}],"wp:term":[{"taxonomy":"category","embeddable":true,"href":"https:\/\/ultimato.com.br\/sites\/jovem\/wp-json\/wp\/v2\/categories?post=1469"},{"taxonomy":"post_tag","embeddable":true,"href":"https:\/\/ultimato.com.br\/sites\/jovem\/wp-json\/wp\/v2\/tags?post=1469"}],"curies":[{"name":"wp","href":"https:\/\/api.w.org\/{rel}","templated":true}]}}