{"id":1451,"date":"2012-01-30T07:00:53","date_gmt":"2012-01-30T10:00:53","guid":{"rendered":"http:\/\/ultimato.com.br\/sites\/jovem\/?p=1451"},"modified":"2012-01-27T10:36:52","modified_gmt":"2012-01-27T13:36:52","slug":"passe-o-carnaval-com-c-s-lewis","status":"publish","type":"post","link":"https:\/\/ultimato.com.br\/sites\/jovem\/2012\/01\/30\/passe-o-carnaval-com-c-s-lewis\/","title":{"rendered":"Passe o carnaval com C. S. Lewis"},"content":{"rendered":"<p>Se voc\u00ea n\u00e3o pode ir ao <a href=\"http:\/\/ultimato.com.br\/sites\/jovem\/2012\/01\/25\/alargando-as-tendas\/\" target=\"_blank\">Alargando as Tendas<\/a>, temos uma outra dica para que voc\u00ea n\u00e3o fique entediado em casa numa maratona infinita de filmes. O <a href=\"http:\/\/www.labribrasil.org\/\" target=\"_blank\">L&#8217;Abri Brasil<\/a> realiza, entre os dias 17 e 21 de fevereiro, um retiro estendido com o tema <em><strong>O Universo de C. S. Lewis. <\/strong><\/em>O encontro ser\u00e1 realizade entre 17 e 21 de fevereiro e se voc\u00ea tem interesse em participar, pode mandar um e-mail para <a href=\"labri.brasil@gmail.com\" target=\"_blank\">labri.brasil@gmail.com<\/a>.<\/p>\n<p><a href=\"http:\/\/ultimato.com.br\/sites\/jovem\/files\/2012\/01\/27_01_retiro_lewis_labri.jpg\" class=\"lightview\" data-lightview-group=\"group-1451\" data-lightview-options=\"skin: 'dark', controls: 'relative', padding: '10', shadow: { color: '#000000', opacity: 0.08, blur: 3 }\" data-lightview-title=\"\"><img loading=\"lazy\" decoding=\"async\" class=\"aligncenter size-full wp-image-1452\" title=\"\" src=\"http:\/\/ultimato.com.br\/sites\/jovem\/files\/2012\/01\/27_01_retiro_lewis_labri.jpg\" alt=\"\" width=\"604\" height=\"437\" srcset=\"https:\/\/ultimato.com.br\/sites\/jovem\/files\/2012\/01\/27_01_retiro_lewis_labri.jpg 604w, https:\/\/ultimato.com.br\/sites\/jovem\/files\/2012\/01\/27_01_retiro_lewis_labri-300x217.jpg 300w, https:\/\/ultimato.com.br\/sites\/jovem\/files\/2012\/01\/27_01_retiro_lewis_labri-150x108.jpg 150w\" sizes=\"auto, (max-width: 604px) 100vw, 604px\" \/><\/a>Quer saber mais? Visite o <a href=\"http:\/\/labri-brasil.blogspot.com\/2012\/01\/retiro-estendido-de-carnaval.html\" target=\"_blank\">blog deles<\/a>.<\/p>\n","protected":false},"excerpt":{"rendered":"<p>Se voc\u00ea n\u00e3o pode ir ao Alargando as Tendas, temos uma outra dica para que voc\u00ea n\u00e3o fique entediado em casa numa maratona infinita de filmes. O L&#8217;Abri Brasil realiza, entre os dias 17 e 21 de fevereiro, um retiro estendido com o tema O Universo de C. S. Lewis. O encontro ser\u00e1 realizade entre [&hellip;]<\/p>\n","protected":false},"author":19,"featured_media":0,"comment_status":"open","ping_status":"open","sticky":false,"template":"","format":"standard","meta":{"ngg_post_thumbnail":0,"footnotes":""},"categories":[9],"tags":[],"class_list":["post-1451","post","type-post","status-publish","format-standard","hentry","category-sem-categoria"],"_links":{"self":[{"href":"https:\/\/ultimato.com.br\/sites\/jovem\/wp-json\/wp\/v2\/posts\/1451","targetHints":{"allow":["GET"]}}],"collection":[{"href":"https:\/\/ultimato.com.br\/sites\/jovem\/wp-json\/wp\/v2\/posts"}],"about":[{"href":"https:\/\/ultimato.com.br\/sites\/jovem\/wp-json\/wp\/v2\/types\/post"}],"author":[{"embeddable":true,"href":"https:\/\/ultimato.com.br\/sites\/jovem\/wp-json\/wp\/v2\/users\/19"}],"replies":[{"embeddable":true,"href":"https:\/\/ultimato.com.br\/sites\/jovem\/wp-json\/wp\/v2\/comments?post=1451"}],"version-history":[{"count":2,"href":"https:\/\/ultimato.com.br\/sites\/jovem\/wp-json\/wp\/v2\/posts\/1451\/revisions"}],"predecessor-version":[{"id":1454,"href":"https:\/\/ultimato.com.br\/sites\/jovem\/wp-json\/wp\/v2\/posts\/1451\/revisions\/1454"}],"wp:attachment":[{"href":"https:\/\/ultimato.com.br\/sites\/jovem\/wp-json\/wp\/v2\/media?parent=1451"}],"wp:term":[{"taxonomy":"category","embeddable":true,"href":"https:\/\/ultimato.com.br\/sites\/jovem\/wp-json\/wp\/v2\/categories?post=1451"},{"taxonomy":"post_tag","embeddable":true,"href":"https:\/\/ultimato.com.br\/sites\/jovem\/wp-json\/wp\/v2\/tags?post=1451"}],"curies":[{"name":"wp","href":"https:\/\/api.w.org\/{rel}","templated":true}]}}