{"id":1429,"date":"2012-01-20T08:21:45","date_gmt":"2012-01-20T11:21:45","guid":{"rendered":"http:\/\/ultimato.com.br\/sites\/jovem\/?p=1429"},"modified":"2012-01-20T08:21:45","modified_gmt":"2012-01-20T11:21:45","slug":"lacos-de-amizade","status":"publish","type":"post","link":"https:\/\/ultimato.com.br\/sites\/jovem\/2012\/01\/20\/lacos-de-amizade\/","title":{"rendered":"La\u00e7os de amizade"},"content":{"rendered":"<p>Perdemos v\u00e1rios relacionamentos interpessoais ao longo de nossa caminhada. Ser\u00e1 essa uma verdade? Desde o princ\u00edpio o homem constr\u00f3i rela\u00e7\u00f5es\u2014 muitas deles, duradouras. Faz parte da vontade de Deus que sejamos amigos, que tenhamos amigos, pois somos seres relacionais. E como \u00e9 bom experimentar o sabor doce de uma amizade verdadeira! Ser amigo \u00e9 estar junto, compartilhar, rir e chorar.<\/p>\n<p>Davi e J\u00f4natas foram amigos at\u00e9 o fim de seus dias (1Sm 18.1-4). Essa expres\u00e3o, \u201cat\u00e9 o fim dos dias\u201d, mostra uma profundidade de relacionamento digna de \u201cinveja\u201d em dias como os nossos. Contudo, esses dois jovens experimentaram a preciosidade do companheirismo, estando longe ou perto um do outro. A amizade os tornou mais fortes para enfrentar os conflitos e as dificuldades. Ser\u00e1 que hoje temos algu\u00e9m assim ao nosso lado? Algu\u00e9m que nos encoraje e em quem confiamos completamente? A fidelidade \u00e9 hoje um \u201cartigo\u201d de luxo.<!--more--><\/p>\n<p>Amizades nascem de uma profunda atra\u00e7\u00e3o pessoal, e \u00e0s vezes \u00e9 dif\u00edcil de explicar. Seria como tentar justificar a prefer\u00eancia pelo azul em vez do amarelo. Muitos acreditam que existe uma \u201cqu\u00edmica\u201d entre duas pessoas. Por\u00e9m, ser\u00e1 isso suficiente para sustentar uma amizade?<\/p>\n<p>J\u00f4natas e Davi nos mostram que a f\u00e9 comum, a caminhada compartilhada e o amor pr\u00e1tico (o amor \u201cag\u00e1pe\u201d, que busca o bem do outro) s\u00e3o a resposta para uma amizade verdadeira.<\/p>\n<p style=\"text-align: center;\">&#8211;<img src=\"https:\/\/ultimato.com.br\/sites\/jovem\/wp-content\/plugins\/lightview-plus\/img\/novideo.png\" width=\"300\" height=\"168\" alt=\"Video not available\" \/><br \/>&#8211;<\/p>\n<p style=\"text-align: left;\">Qual o seu conceito sobre amizade? Ser\u00e1 que temos mais colegas que amigos? Como constru\u00edmos uma amizade saud\u00e1vel? \u00c9 poss\u00edvel cultivarmos uma amizade com pessoas diferentes de n\u00f3s? Quais s\u00e3o as atitudes que demonstram que duas pessoas t\u00eam um la\u00e7o de amizade? Onde temos guardado nossos verdadeiros amigos? O que voc\u00ea seria capaz de fazer por um amigo?<\/p>\n<p>Aproveite para extrair das amizades o que elas t\u00eam de melhor. As diferentes fases da vida nos levam a crescer, a aprender, a nos relacionar e a construir v\u00ednculos que podem durar para sempre. Compartilhe o que voc\u00ea tem de melhor e esteja atento, pois uma nova amizade pode estar bem ao seu lado.<\/p>\n<p>_________<\/p>\n<p><strong>Jeverton \u201cMagr\u00e3o\u201d Ledo<\/strong>\u00a0\u00e9 mission\u00e1rio, autor de \u201cMinha Escolha Profissional \u2014 o que Deus tem a ver com isso?\u201d (Editora Vida).<br \/>\n<a href=\"http:\/\/ultimato.com.br\/sites\/jovem\/2011\/12\/12\/2011\/11\/14\/2011\/09\/12\/o-dia-ficou-cinza\/jeverton.ledo@gmail.com\" target=\"_blank\">jeverton.ledo@gmail.com<\/a><\/p>\n","protected":false},"excerpt":{"rendered":"<p>Perdemos v\u00e1rios relacionamentos interpessoais ao longo de nossa caminhada. Ser\u00e1 essa uma verdade? Desde o princ\u00edpio o homem constr\u00f3i rela\u00e7\u00f5es\u2014 muitas deles, duradouras. Faz parte da vontade de Deus que sejamos amigos, que tenhamos amigos, pois somos seres relacionais. E como \u00e9 bom experimentar o sabor doce de uma amizade verdadeira! Ser amigo \u00e9 estar [&hellip;]<\/p>\n","protected":false},"author":19,"featured_media":0,"comment_status":"open","ping_status":"open","sticky":false,"template":"","format":"standard","meta":{"ngg_post_thumbnail":0,"footnotes":""},"categories":[6054],"tags":[],"class_list":["post-1429","post","type-post","status-publish","format-standard","hentry","category-textos"],"_links":{"self":[{"href":"https:\/\/ultimato.com.br\/sites\/jovem\/wp-json\/wp\/v2\/posts\/1429","targetHints":{"allow":["GET"]}}],"collection":[{"href":"https:\/\/ultimato.com.br\/sites\/jovem\/wp-json\/wp\/v2\/posts"}],"about":[{"href":"https:\/\/ultimato.com.br\/sites\/jovem\/wp-json\/wp\/v2\/types\/post"}],"author":[{"embeddable":true,"href":"https:\/\/ultimato.com.br\/sites\/jovem\/wp-json\/wp\/v2\/users\/19"}],"replies":[{"embeddable":true,"href":"https:\/\/ultimato.com.br\/sites\/jovem\/wp-json\/wp\/v2\/comments?post=1429"}],"version-history":[{"count":1,"href":"https:\/\/ultimato.com.br\/sites\/jovem\/wp-json\/wp\/v2\/posts\/1429\/revisions"}],"predecessor-version":[{"id":1430,"href":"https:\/\/ultimato.com.br\/sites\/jovem\/wp-json\/wp\/v2\/posts\/1429\/revisions\/1430"}],"wp:attachment":[{"href":"https:\/\/ultimato.com.br\/sites\/jovem\/wp-json\/wp\/v2\/media?parent=1429"}],"wp:term":[{"taxonomy":"category","embeddable":true,"href":"https:\/\/ultimato.com.br\/sites\/jovem\/wp-json\/wp\/v2\/categories?post=1429"},{"taxonomy":"post_tag","embeddable":true,"href":"https:\/\/ultimato.com.br\/sites\/jovem\/wp-json\/wp\/v2\/tags?post=1429"}],"curies":[{"name":"wp","href":"https:\/\/api.w.org\/{rel}","templated":true}]}}