{"id":1406,"date":"2011-12-30T11:45:05","date_gmt":"2011-12-30T14:45:05","guid":{"rendered":"http:\/\/ultimato.com.br\/sites\/jovem\/?p=1406"},"modified":"2011-12-30T11:45:05","modified_gmt":"2011-12-30T14:45:05","slug":"recomendacoes-para-um-ano-novo","status":"publish","type":"post","link":"https:\/\/ultimato.com.br\/sites\/jovem\/2011\/12\/30\/recomendacoes-para-um-ano-novo\/","title":{"rendered":"Recomenda\u00e7\u00f5es para um Ano Novo"},"content":{"rendered":"<p>Nesse pr\u00e9-Ano Novo li algumas reflex\u00f5es sobre o que fazer em 2012. Li <a href=\"http:\/\/ultimato.com.br\/sites\/blogdaultimato\/2011\/12\/26\/para-comecar-bem-o-ano\/\" target=\"_blank\">as do Ed Ren\u00e9<\/a>, <a href=\"http:\/\/www.ultimato.com.br\/conteudo\/de-cabeca-erguida-em-2012\" target=\"_blank\">as do Reve<\/a> (tamb\u00e9m conhecido como Elben C\u00e9sar :P), l\u00ed um <a href=\"http:\/\/www.ultimato.com.br\/revista\/artigos\/274\/resolucoes-de-ano-novo\" target=\"_blank\">texto antigo do Rubem Amorese<\/a>. A que mais me agradou, no entanto, foi a do <a href=\"http:\/\/fabriciocunha.com.br\/\" target=\"_blank\">Fabr\u00edcio Cunha<\/a>, pastor da Comunidade Batista Vida Nova em S\u00e3o Jos\u00e9 dos Campos. Tirando a parte de torcer pelo S\u00e3o Paulo Futebol Clube, eu n\u00e3o mudaria uma palavra. \ud83d\ude42\u00a0<!--more--><\/p>\n<p>Aproveito a oportunidade para agradecer a todos que colaboraram com o blog, com nosso boletim ou com a se\u00e7\u00e3o Altos Papos na revista. Estou muito esperan\u00e7osa com 2012. Temos muitos planos para os jovens na Ultimato, ent\u00e3o aguardem novidades! Vamos em frente, juntos, apoiados na Cruz redentora.<\/p>\n<p>Um abra\u00e7o!<\/p>\n<p>_________<\/p>\n<p><strong>Pabline Felix<\/strong>, jornalista, assistente editorial web na Ultimato e moderadora do blog Ultimato Jovem<\/p>\n<p>&nbsp;<\/p>\n<p><strong><a href=\"http:\/\/fabriciocunha.com.br\/resolucoes-para-um-novo-ano\/\" target=\"_blank\">RECOMENDA\u00c7\u00d5ES PARA UM NOVO ANO<\/a><\/strong><\/p>\n<p>Nessa semana, terminaremos mais um ano e daremos in\u00edcio a um novo.<\/p>\n<p>Os animados fazem centenas de planos na mesma categoria dos regimes que come\u00e7am nas segundas-feiras. Planos n\u00e3o palp\u00e1veis.<\/p>\n<p>Os mais c\u00e9ticos dizem que n\u00e3o h\u00e1 nada de especial. Dorme-se no dia 31, acorda-se no dia primeiro. Mais uma noite, mais um dia.<\/p>\n<p>Prefiro os animados. Podem fazer planos que n\u00e3o realizam, mas fazem.<\/p>\n<p>Arrisco fazer algumas recomenda\u00e7\u00f5es, motivado pela verdade de que os \u201cnovos come\u00e7os\u201d s\u00e3o uma possibilidade constante para todo humano.<\/p>\n<p>Comece avaliando o que passou. Olhe-se no espelho e pergunte-se sem medo: \u201cque tipo de gente estou me tornando\u201d? Silencie um tempo, deixe a pergunta passear pelo teu \u00edntimo, passar por todos os rec\u00f4nditos secretos, abrir portas e ba\u00fas. Ent\u00e3o, responda com toda sinceridade para voc\u00ea mesmo. Aquilo que precisa ser assumido e resolvido, fa\u00e7a! O que precisa ser lamentado, lamente! O que precisa ser chorado, chore! O que precisa ser transformado, abra o processo de transforma\u00e7\u00e3o! Mas n\u00e3o ocupe toda a tua avalia\u00e7\u00e3o pessoal com isso. Lembre-se que os latinos (voc\u00ea \u00e9 um deles) s\u00e3o seres pessimistas por natureza. Celebram, falam alto e ao mesmo tempo, querendo esconder o seu banzo natural. N\u00e3o se atenha s\u00f3 \u00e0s coisas negativas. Lembre-se do que celebrou e celebre novamente. Pense nas vit\u00f3rias e as comemore. Nos avan\u00e7os e regozije-se. A motiva\u00e7\u00e3o para se mudar o que se avaliou como negativo, vir\u00e1 da energia acumulada com o que foi positivo. Lute para ser um ser humano melhor em 2012 lembrando que CAR\u00c1TER (o que realmente sou), vale muito mais do que reputa\u00e7\u00e3o (o que as pessoas pensam sobre mim).<\/p>\n<p>Ainda n\u00e3o sabe o que nasceu pra ser e fazer nesse mundo? Descubra. N\u00e3o viva mais um ano como um indiv\u00edduo que \u00e9 engrenagem de uma estrutura. Seja criativo. Descubra o seu lugar no mundo. Pergunte-se: \u201cse eu deixasse de existir, no que o mundo perderia?\u201d Quando responder, ter\u00e1 encontrado a tua VOCA\u00c7\u00c3O. Pegue a resposta e invista a tua vida fazendo isso.<\/p>\n<p>Olhe \u201cpara cima\u201d, olhe para dentro, olhe \u00e0 sua volta. N\u00e3o \u00e9 poss\u00edvel que o mundo seja um emaranhado de pessoas e estruturas que se autorregem. Existe um Deus que \u00e9 senhor da hist\u00f3ria, que entrou na hist\u00f3ria, que conhece e redime hist\u00f3rias. Voc\u00ea n\u00e3o est\u00e1 s\u00f3, nem quando parece. Se sua hist\u00f3ria n\u00e3o est\u00e1 derramada no mar de amor do que \u00e9 Senhor da Hist\u00f3ria, voc\u00ea pode ter a sensa\u00e7\u00e3o de estar s\u00f3, mas n\u00e3o est\u00e1. Se, ao avaliar-se, voc\u00ea sentiu-se ou vem sentindo-se distante desse Deus por conta do que tem visto no espelho, tenho uma boa not\u00edcia pra voc\u00ea: as suas miseric\u00f3rdias n\u00e3o se renovam a cada ano, elas se renovam a cada manh\u00e3. Cada manh\u00e3. E n\u00e3o h\u00e1 pecado no mundo com poder suficiente para afast\u00e1-lO de voc\u00ea. Ele est\u00e1 sempre perto. Se o peso do pecado vem fazendo com que sinta-se s\u00f3, a dist\u00e2ncia entre voc\u00ea e o Pai \u00e9 bem pequena, \u00e9 o passo do arrependimento. O Deus da Hist\u00f3ria, gosta de redimir \u201chist\u00f3rias\u201d. Que sua ESPIRITUALIDADE seja o tempero de tua vida e que o amor desse Deus, uma vez experimentado em tua hist\u00f3ria, transborde de voc\u00ea na Hist\u00f3ria, para que as hist\u00f3rias que passarem pela tua, sejam encharcadas dele.<\/p>\n<p>Ah, e as rela\u00e7\u00f5es. Como andam os nossos RELACIONAMENTOS? O que esperamos deles para o novo ciclo? N\u00e3o tem amigos? Fa\u00e7a urgente. Tem muitos? Desconfie. Descobriu quais s\u00e3o os amigos para uma vida inteira? Cultive-os com todas as for\u00e7as. S\u00e3o um bem mais valioso do que qualquer riqueza. Qualquer! Tem filhos grandes? Continuam sendo filhos. Zele, se j\u00e1 n\u00e3o precisa gastar tanto tempo ensinando, ore. Se s\u00e3o pequenos, observe-os, acompanhe-os, n\u00e3o perca a primeira palavra, o primeiro dente, o primeiro tombo. N\u00e3o terceirize a educa\u00e7\u00e3o dos seres que voc\u00ea mais ama nessa terra, nem troque o tempo de estar com eles pelo de conseguir coisas para eles. Eles n\u00e3o querem presentes, querem voc\u00ea. Encontrou um \u201camor para a vida inteira\u201d? N\u00e3o deixe-o ir. Passar pela vida sem amar algu\u00e9m assim \u00e9 sentar-se diante de uma linda refei\u00e7\u00e3o sem poder sabore\u00e1-la. Um amor vale a vida.<\/p>\n<p>Se tem la\u00e7os fundamentais rompidos, lute para reav\u00ea-los. Se foi o ofendido, rasgue a carta de d\u00edvida, perdoe. Se foi o ofensor, arrependa-se, pe\u00e7a perd\u00e3o do fundo do cora\u00e7\u00e3o, v\u00e1 atr\u00e1s, n\u00e3o desista. Se, tendo feito isso \u00e0s \u00faltimas consequ\u00eancias, n\u00e3o obter o \u00eaxito esperado, viva como perdoado e em paz, certamente um dia ter\u00e1 a chance do reencontro.<\/p>\n<p>E as recomenda\u00e7\u00f5es TRIVIAIS continuam as mesmas\u2026 Comer salada, correr tr\u00eas vezes por semana, nunca ler a Veja, dormir 7 horas por noite, ler Clarice, Pessoa e Drummond, ouvir o novo Chico, fazer dan\u00e7a de sal\u00e3o (para os mais \u201ctios\u201d), andar mais descal\u00e7o, dar aten\u00e7\u00e3o ao p\u00f4r do sol, conversar com a lua, se divertir com o Carpinejar, navegar um pouco pelas redes sociais, curtir um rock\u2019n roll de qualquer gera\u00e7\u00e3o, torcer pelo S\u00e3o Paulo Futebol Clube, etc., etc. e etc.<\/p>\n","protected":false},"excerpt":{"rendered":"<p>Nesse pr\u00e9-Ano Novo li algumas reflex\u00f5es sobre o que fazer em 2012. Li as do Ed Ren\u00e9, as do Reve (tamb\u00e9m conhecido como Elben C\u00e9sar :P), l\u00ed um texto antigo do Rubem Amorese. A que mais me agradou, no entanto, foi a do Fabr\u00edcio Cunha, pastor da Comunidade Batista Vida Nova em S\u00e3o Jos\u00e9 dos [&hellip;]<\/p>\n","protected":false},"author":19,"featured_media":0,"comment_status":"open","ping_status":"open","sticky":false,"template":"","format":"standard","meta":{"ngg_post_thumbnail":0,"footnotes":""},"categories":[6054],"tags":[],"class_list":["post-1406","post","type-post","status-publish","format-standard","hentry","category-textos"],"_links":{"self":[{"href":"https:\/\/ultimato.com.br\/sites\/jovem\/wp-json\/wp\/v2\/posts\/1406","targetHints":{"allow":["GET"]}}],"collection":[{"href":"https:\/\/ultimato.com.br\/sites\/jovem\/wp-json\/wp\/v2\/posts"}],"about":[{"href":"https:\/\/ultimato.com.br\/sites\/jovem\/wp-json\/wp\/v2\/types\/post"}],"author":[{"embeddable":true,"href":"https:\/\/ultimato.com.br\/sites\/jovem\/wp-json\/wp\/v2\/users\/19"}],"replies":[{"embeddable":true,"href":"https:\/\/ultimato.com.br\/sites\/jovem\/wp-json\/wp\/v2\/comments?post=1406"}],"version-history":[{"count":2,"href":"https:\/\/ultimato.com.br\/sites\/jovem\/wp-json\/wp\/v2\/posts\/1406\/revisions"}],"predecessor-version":[{"id":1408,"href":"https:\/\/ultimato.com.br\/sites\/jovem\/wp-json\/wp\/v2\/posts\/1406\/revisions\/1408"}],"wp:attachment":[{"href":"https:\/\/ultimato.com.br\/sites\/jovem\/wp-json\/wp\/v2\/media?parent=1406"}],"wp:term":[{"taxonomy":"category","embeddable":true,"href":"https:\/\/ultimato.com.br\/sites\/jovem\/wp-json\/wp\/v2\/categories?post=1406"},{"taxonomy":"post_tag","embeddable":true,"href":"https:\/\/ultimato.com.br\/sites\/jovem\/wp-json\/wp\/v2\/tags?post=1406"}],"curies":[{"name":"wp","href":"https:\/\/api.w.org\/{rel}","templated":true}]}}