{"id":1398,"date":"2011-12-26T11:44:42","date_gmt":"2011-12-26T14:44:42","guid":{"rendered":"http:\/\/ultimato.com.br\/sites\/jovem\/?p=1398"},"modified":"2011-12-26T11:45:11","modified_gmt":"2011-12-26T14:45:11","slug":"procura-se","status":"publish","type":"post","link":"https:\/\/ultimato.com.br\/sites\/jovem\/2011\/12\/26\/procura-se\/","title":{"rendered":"Procura-se"},"content":{"rendered":"<p><img loading=\"lazy\" decoding=\"async\" class=\"alignleft\" src=\"http:\/\/2.bp.blogspot.com\/__IR67c3jXqk\/SlItr_T64oI\/AAAAAAAAAdA\/l7AwSBbkjUg\/s400\/Procura-se+(2).jpg\" alt=\"\" width=\"247\" height=\"319\" \/><\/p>\n<p>Curte tirar fotos ou tem um amigo talentoso que vale a pena ser conhecido?<\/p>\n<p>Usa a arte como forma de express\u00e3o da sua arte?<\/p>\n<p>Conhece uma banda crist\u00e3 nova muito boa e precisa (preciiiiiiiiiisa) indicar para a galera?<\/p>\n<p>O <a href=\"http:\/\/www.ultimato.com.br\/boletim\/2011\/boletim_jovem\/bj_20.html\" target=\"_blank\">boletim Ultimato Jovem<\/a> procura voc\u00ea (e suas indica\u00e7\u00f5es)! Mande boas dicas (com contatos, como e-mail e o site ou perfil do Facebook) para <a href=\"juventudes@ultimato.com.br\" target=\"_blank\">juventudes@ultimato.com.br<\/a><\/p>\n<p>&nbsp;<\/p>\n<p><strong>Mas o que \u00e9 esse tal de <a href=\"http:\/\/www.ultimato.com.br\/boletim\/2011\/boletim_jovem\/bj_20.html\" target=\"_blank\">Boletim Jovem<\/a>?\u00a0<\/strong><\/p>\n<p>Esse \u00e9 o nosso newsletter oficial. Quinzenalmente enviamos o boletim virtual para o e-mail de cinco mil jovens em todo o Brasil. (N\u00e2o recebe ainda? Inscreva-se <a href=\"http:\/\/ultimato.com.br\/sites\/jovem\/receba-nosso-informativo\/\" target=\"_blank\">aqui<\/a>)<!--more--><\/p>\n<p>Na imagem principal sempre colocamos uma foto de um jovem crist\u00e3o. As dicas no meio do boletim resumem o movimento da quinzena no nosso blog e o &#8220;Boto F\u00e9!&#8221; \u00e9 uma se\u00e7\u00e3o com dicas, que podem ser tanto de bandas quanto de grupos de teatro, dan\u00e7a, pintores, skatistas, grafiteiros, escritores (e todo tipo de artista)&#8230;<\/p>\n<p>Gostou da proposta? Ajude-nos a divulgar! Envie para o grupo de e-mails da sua igreja, cole no seu mural, tweet a respeito. Fortale\u00e7a o grupo de quem acredita de que o que \u00e9 bom precisa de espalhar!<\/p>\n","protected":false},"excerpt":{"rendered":"<p>Curte tirar fotos ou tem um amigo talentoso que vale a pena ser conhecido? Usa a arte como forma de express\u00e3o da sua arte? Conhece uma banda crist\u00e3 nova muito boa e precisa (preciiiiiiiiiisa) indicar para a galera? O boletim Ultimato Jovem procura voc\u00ea (e suas indica\u00e7\u00f5es)! Mande boas dicas (com contatos, como e-mail e [&hellip;]<\/p>\n","protected":false},"author":19,"featured_media":0,"comment_status":"open","ping_status":"open","sticky":false,"template":"","format":"standard","meta":{"ngg_post_thumbnail":0,"footnotes":""},"categories":[5152,10182,6054],"tags":[],"class_list":["post-1398","post","type-post","status-publish","format-standard","hentry","category-altas-indicacoes","category-boto-fe","category-textos"],"_links":{"self":[{"href":"https:\/\/ultimato.com.br\/sites\/jovem\/wp-json\/wp\/v2\/posts\/1398","targetHints":{"allow":["GET"]}}],"collection":[{"href":"https:\/\/ultimato.com.br\/sites\/jovem\/wp-json\/wp\/v2\/posts"}],"about":[{"href":"https:\/\/ultimato.com.br\/sites\/jovem\/wp-json\/wp\/v2\/types\/post"}],"author":[{"embeddable":true,"href":"https:\/\/ultimato.com.br\/sites\/jovem\/wp-json\/wp\/v2\/users\/19"}],"replies":[{"embeddable":true,"href":"https:\/\/ultimato.com.br\/sites\/jovem\/wp-json\/wp\/v2\/comments?post=1398"}],"version-history":[{"count":3,"href":"https:\/\/ultimato.com.br\/sites\/jovem\/wp-json\/wp\/v2\/posts\/1398\/revisions"}],"predecessor-version":[{"id":1401,"href":"https:\/\/ultimato.com.br\/sites\/jovem\/wp-json\/wp\/v2\/posts\/1398\/revisions\/1401"}],"wp:attachment":[{"href":"https:\/\/ultimato.com.br\/sites\/jovem\/wp-json\/wp\/v2\/media?parent=1398"}],"wp:term":[{"taxonomy":"category","embeddable":true,"href":"https:\/\/ultimato.com.br\/sites\/jovem\/wp-json\/wp\/v2\/categories?post=1398"},{"taxonomy":"post_tag","embeddable":true,"href":"https:\/\/ultimato.com.br\/sites\/jovem\/wp-json\/wp\/v2\/tags?post=1398"}],"curies":[{"name":"wp","href":"https:\/\/api.w.org\/{rel}","templated":true}]}}