{"id":1390,"date":"2011-12-22T11:34:39","date_gmt":"2011-12-22T14:34:39","guid":{"rendered":"http:\/\/ultimato.com.br\/sites\/jovem\/?p=1390"},"modified":"2011-12-22T11:34:39","modified_gmt":"2011-12-22T14:34:39","slug":"ultimo-a-saber-do-natal","status":"publish","type":"post","link":"https:\/\/ultimato.com.br\/sites\/jovem\/2011\/12\/22\/ultimo-a-saber-do-natal\/","title":{"rendered":"\u00daltimo a saber do Natal"},"content":{"rendered":"<blockquote><p>&#8220;Ent\u00e3o Herodes, chamando secretamente os magos, inquiriu exatamente deles acerca do tempo em que a estrela lhes aparecera.&#8221;<br \/>\nMateus 2:7<\/p><\/blockquote>\n<p><a href=\"http:\/\/ultimato.com.br\/sites\/jovem\/files\/2011\/12\/22_12_Natal_jovem.jpg\" class=\"lightview\" data-lightview-group=\"group-1390\" data-lightview-options=\"skin: 'dark', controls: 'relative', padding: '10', shadow: { color: '#000000', opacity: 0.08, blur: 3 }\" data-lightview-title=\"\"><img loading=\"lazy\" decoding=\"async\" class=\"alignright size-medium wp-image-1391\" title=\"\" src=\"http:\/\/ultimato.com.br\/sites\/jovem\/files\/2011\/12\/22_12_Natal_jovem-300x199.jpg\" alt=\"\" width=\"300\" height=\"199\" srcset=\"https:\/\/ultimato.com.br\/sites\/jovem\/files\/2011\/12\/22_12_Natal_jovem-300x199.jpg 300w, https:\/\/ultimato.com.br\/sites\/jovem\/files\/2011\/12\/22_12_Natal_jovem-150x99.jpg 150w, https:\/\/ultimato.com.br\/sites\/jovem\/files\/2011\/12\/22_12_Natal_jovem.jpg 448w\" sizes=\"auto, (max-width: 300px) 100vw, 300px\" \/><\/a>Herodes chama os magos que est\u00e3o em busca do menino Jesus para uma conversa em particular. O interesse de Herodes nessa conversa \u00e9 saber \u201cexatamente deles acerca do tempo em que a estrela lhes aparecera\u201d.<\/p>\n<p>Foi essa conversa de Herodes com os magos que fez com que ele tomasse a decis\u00e3o de \u201cmatar todos os meninos de Bel\u00e9m e de todos os seus arredores, de dois anos para baixo, conforme o tempo do qual com precis\u00e3o se informara dos magos\u201d (Mateus 2:16).<\/p>\n<p>O governante n\u00e3o determinou a idade (dois anos para baixo) para o massacre das crian\u00e7as sem motivos. Ele havia apurado com os magos qual idade deveria ter Jesus naqueles dias. Provavelmente quando Herodes descobriu que o Messias j\u00e1 estava entre eles, o menino Jesus j\u00e1 tinha aproximadamente dois anos de idade.<!--more--><\/p>\n<p>Herodes \u00e9 rei, e todas as noticias chegam a um rei de forma muito r\u00e1pida. Mas essa chegou tarde, e ele n\u00e3o \u00e9 o \u00fanico a desconhecer que Jesus j\u00e1 havia descido \u00e0 Terra mesmo depois de quase dois anos. Os pr\u00edncipes dos sacerdotes e os escribas tamb\u00e9m n\u00e3o sabiam desse fato. (Mateus 2:4).<\/p>\n<p>Rei, pr\u00edncipe dos sacerdotes e escribas s\u00e3o as pessoas mais importantes e s\u00e1bias da \u00e9poca, por\u00e9m Deus n\u00e3o revelou sua maior d\u00e1diva a nenhum deles.<\/p>\n<p><strong>Mas a quem Deus revela tamanha boa nova em &#8220;primeira m\u00e3o&#8221;?<\/strong><\/p>\n<p>Os escolhidos s\u00e3o magos e pastores, ou seja, os mais simples e desprezados naquele contexto. Os pastores representam os simples, e os magos, por serem estrangeiros, representam os desprezados.<\/p>\n<p>Deus trata seus mist\u00e9rios at\u00e9 hoje da mesma forma. Jesus disse: \u201cEu te louvo, Pai, Senhor do c\u00e9u e da terra, porque escondeste essas coisas aos s\u00e1bios e entendidos e as revelaste aos pequeninos. Sim, Pai, assim foi do teu agrado\u201d (Lucas 10:21).<\/p>\n<p>Certamente voc\u00ea n\u00e3o \u00e9 rei, nem pr\u00edncipe dos sacerdotes, muitos menos escriba. Voc\u00ea \u00e9 um pequenino: um pequenino privilegiado que tem a revela\u00e7\u00e3o de que Jesus est\u00e1 entre n\u00f3s.<\/p>\n<p><strong>Feliz Natal!<\/strong><\/p>\n<p>__________<\/p>\n<p><strong><a href=\"http:\/\/twitter.com\/#%21\/opoiema\" target=\"_blank\">Alan Corr\u00eaa<\/a><\/strong>\u00a0\u00e9 l\u00edder jovens na Igreja Batista Nacional, em S\u00e3o Bernardo (SP) e aluno do 3\u00b0 ano de teologia pela faculdade FABC<\/p>\n","protected":false},"excerpt":{"rendered":"<p>&#8220;Ent\u00e3o Herodes, chamando secretamente os magos, inquiriu exatamente deles acerca do tempo em que a estrela lhes aparecera.&#8221; Mateus 2:7 Herodes chama os magos que est\u00e3o em busca do menino Jesus para uma conversa em particular. O interesse de Herodes nessa conversa \u00e9 saber \u201cexatamente deles acerca do tempo em que a estrela lhes aparecera\u201d. [&hellip;]<\/p>\n","protected":false},"author":19,"featured_media":0,"comment_status":"open","ping_status":"open","sticky":false,"template":"","format":"standard","meta":{"ngg_post_thumbnail":0,"footnotes":""},"categories":[6054],"tags":[],"class_list":["post-1390","post","type-post","status-publish","format-standard","hentry","category-textos"],"_links":{"self":[{"href":"https:\/\/ultimato.com.br\/sites\/jovem\/wp-json\/wp\/v2\/posts\/1390","targetHints":{"allow":["GET"]}}],"collection":[{"href":"https:\/\/ultimato.com.br\/sites\/jovem\/wp-json\/wp\/v2\/posts"}],"about":[{"href":"https:\/\/ultimato.com.br\/sites\/jovem\/wp-json\/wp\/v2\/types\/post"}],"author":[{"embeddable":true,"href":"https:\/\/ultimato.com.br\/sites\/jovem\/wp-json\/wp\/v2\/users\/19"}],"replies":[{"embeddable":true,"href":"https:\/\/ultimato.com.br\/sites\/jovem\/wp-json\/wp\/v2\/comments?post=1390"}],"version-history":[{"count":1,"href":"https:\/\/ultimato.com.br\/sites\/jovem\/wp-json\/wp\/v2\/posts\/1390\/revisions"}],"predecessor-version":[{"id":1392,"href":"https:\/\/ultimato.com.br\/sites\/jovem\/wp-json\/wp\/v2\/posts\/1390\/revisions\/1392"}],"wp:attachment":[{"href":"https:\/\/ultimato.com.br\/sites\/jovem\/wp-json\/wp\/v2\/media?parent=1390"}],"wp:term":[{"taxonomy":"category","embeddable":true,"href":"https:\/\/ultimato.com.br\/sites\/jovem\/wp-json\/wp\/v2\/categories?post=1390"},{"taxonomy":"post_tag","embeddable":true,"href":"https:\/\/ultimato.com.br\/sites\/jovem\/wp-json\/wp\/v2\/tags?post=1390"}],"curies":[{"name":"wp","href":"https:\/\/api.w.org\/{rel}","templated":true}]}}