{"id":1385,"date":"2011-12-20T08:24:48","date_gmt":"2011-12-20T11:24:48","guid":{"rendered":"http:\/\/ultimato.com.br\/sites\/jovem\/?p=1385"},"modified":"2011-12-20T11:28:54","modified_gmt":"2011-12-20T14:28:54","slug":"ressonancia","status":"publish","type":"post","link":"https:\/\/ultimato.com.br\/sites\/jovem\/2011\/12\/20\/ressonancia\/","title":{"rendered":"Resson\u00e2ncia"},"content":{"rendered":"<p><a href=\"http:\/\/www.juventude.gov.br\/conferencia\/noticias-outras\/16-12-2011-ja-estao-disponiveis-as-resolucoes-da-2a-conferencia-nacional-de-juventude\/\"><img loading=\"lazy\" decoding=\"async\" class=\"size-medium wp-image-1386 alignright\" src=\"http:\/\/ultimato.com.br\/sites\/jovem\/files\/2011\/12\/20_12_confjuv_imagem-300x202.jpg\" alt=\"\" width=\"300\" height=\"202\" srcset=\"https:\/\/ultimato.com.br\/sites\/jovem\/files\/2011\/12\/20_12_confjuv_imagem-300x202.jpg 300w, https:\/\/ultimato.com.br\/sites\/jovem\/files\/2011\/12\/20_12_confjuv_imagem-150x101.jpg 150w, https:\/\/ultimato.com.br\/sites\/jovem\/files\/2011\/12\/20_12_confjuv_imagem.jpg 500w\" sizes=\"auto, (max-width: 300px) 100vw, 300px\" \/><\/a>Se voc\u00ea n\u00e3o p\u00f4de ir \u00e0 <strong>2\u00aa Confer\u00eancia Nacional de Juventude<\/strong>, que reuniu em Bras\u00edlia cerca de 2 mil jovens, ainda pode entrar na discuss\u00e3o. Os representantes Morgana Boostel (FALE), Raquel Catalani (REJU) e Pedro Grabois (ABUB) promovem um chat NESTA QUARTA-FEIRA, 21\/12, para debater quest\u00f5es relativas \u00e0s juventudes brasileiras.<\/p>\n<p>O que esses jovens queriam ali? Garantir os direitos da juventude!<\/p>\n<p>Tendo ou n\u00e3o estado presente numa das etapas (confer\u00eancias municipais, estaduais ou livres) ou mesmo na <a href=\"http:\/\/twitter.com\/#!\/search\/%232confjuv\" target=\"_blank\"><strong>#2ConfJuv<\/strong><\/a> Nacional, venha participar de um bate-papo virtual sobre o assunto!<\/p>\n<p>&nbsp;<\/p>\n<p><strong>Quando?<\/strong> 4a-feira, 21\/12, \u00e0s 19h<br \/>\n<strong>Quem?<\/strong> Morgana Boostel (FALE), Raquel Catalani (REJU) e Pedro Grabois (ABUB) e quem mais logar nesse momento<br \/>\n<strong>Onde?<\/strong> <a href=\"http:\/\/www.gvolive.com\/conference,novosdialogos\" rel=\"nofollow nofollow\" target=\"_blank\">http:\/\/www.gvolive.com\/conference,novosdialogos<\/a><!--more--><\/p>\n<p>Quer se informar mais? J\u00e1 est\u00e3o dispon\u00edveis as <a href=\"http:\/\/www.juventude.gov.br\/conferencia\/noticias-outras\/16-12-2011-ja-estao-disponiveis-as-resolucoes-da-2a-conferencia-nacional-de-juventude\/\" target=\"_blank\">resolu\u00e7\u00f5es da 2\u00aa Confer\u00eancia Nacional de Juventude<\/a><\/p>\n<p><strong>Veja tamb\u00e9m<\/strong><br \/>\n<a href=\"http:\/\/ultimato.com.br\/sites\/jovem\/2011\/12\/15\/unidos-somos-mais\/\" target=\"_blank\">Unidos somos mais<\/a><\/p>\n","protected":false},"excerpt":{"rendered":"<p>Se voc\u00ea n\u00e3o p\u00f4de ir \u00e0 2\u00aa Confer\u00eancia Nacional de Juventude, que reuniu em Bras\u00edlia cerca de 2 mil jovens, ainda pode entrar na discuss\u00e3o. Os representantes Morgana Boostel (FALE), Raquel Catalani (REJU) e Pedro Grabois (ABUB) promovem um chat NESTA QUARTA-FEIRA, 21\/12, para debater quest\u00f5es relativas \u00e0s juventudes brasileiras. O que esses jovens queriam [&hellip;]<\/p>\n","protected":false},"author":19,"featured_media":0,"comment_status":"open","ping_status":"open","sticky":false,"template":"","format":"standard","meta":{"ngg_post_thumbnail":0,"footnotes":""},"categories":[172],"tags":[],"class_list":["post-1385","post","type-post","status-publish","format-standard","hentry","category-agenda"],"_links":{"self":[{"href":"https:\/\/ultimato.com.br\/sites\/jovem\/wp-json\/wp\/v2\/posts\/1385","targetHints":{"allow":["GET"]}}],"collection":[{"href":"https:\/\/ultimato.com.br\/sites\/jovem\/wp-json\/wp\/v2\/posts"}],"about":[{"href":"https:\/\/ultimato.com.br\/sites\/jovem\/wp-json\/wp\/v2\/types\/post"}],"author":[{"embeddable":true,"href":"https:\/\/ultimato.com.br\/sites\/jovem\/wp-json\/wp\/v2\/users\/19"}],"replies":[{"embeddable":true,"href":"https:\/\/ultimato.com.br\/sites\/jovem\/wp-json\/wp\/v2\/comments?post=1385"}],"version-history":[{"count":3,"href":"https:\/\/ultimato.com.br\/sites\/jovem\/wp-json\/wp\/v2\/posts\/1385\/revisions"}],"predecessor-version":[{"id":1388,"href":"https:\/\/ultimato.com.br\/sites\/jovem\/wp-json\/wp\/v2\/posts\/1385\/revisions\/1388"}],"wp:attachment":[{"href":"https:\/\/ultimato.com.br\/sites\/jovem\/wp-json\/wp\/v2\/media?parent=1385"}],"wp:term":[{"taxonomy":"category","embeddable":true,"href":"https:\/\/ultimato.com.br\/sites\/jovem\/wp-json\/wp\/v2\/categories?post=1385"},{"taxonomy":"post_tag","embeddable":true,"href":"https:\/\/ultimato.com.br\/sites\/jovem\/wp-json\/wp\/v2\/tags?post=1385"}],"curies":[{"name":"wp","href":"https:\/\/api.w.org\/{rel}","templated":true}]}}