{"id":1379,"date":"2011-12-16T08:34:21","date_gmt":"2011-12-16T11:34:21","guid":{"rendered":"http:\/\/ultimato.com.br\/sites\/jovem\/?p=1379"},"modified":"2011-12-16T08:34:21","modified_gmt":"2011-12-16T11:34:21","slug":"em-prol-de-uma-alianca","status":"publish","type":"post","link":"https:\/\/ultimato.com.br\/sites\/jovem\/2011\/12\/16\/em-prol-de-uma-alianca\/","title":{"rendered":"Em prol de uma Alian\u00e7a"},"content":{"rendered":"<p><a href=\"http:\/\/ultimato.com.br\/sites\/jovem\/files\/2011\/12\/16_12_alinca_jovem.jpg\" class=\"lightview\" data-lightview-group=\"group-1379\" data-lightview-options=\"skin: 'dark', controls: 'relative', padding: '10', shadow: { color: '#000000', opacity: 0.08, blur: 3 }\"><img loading=\"lazy\" decoding=\"async\" class=\"size-medium wp-image-1380 alignleft\" src=\"http:\/\/ultimato.com.br\/sites\/jovem\/files\/2011\/12\/16_12_alinca_jovem-300x292.jpg\" alt=\"\" width=\"210\" height=\"204\" srcset=\"https:\/\/ultimato.com.br\/sites\/jovem\/files\/2011\/12\/16_12_alinca_jovem-300x292.jpg 300w, https:\/\/ultimato.com.br\/sites\/jovem\/files\/2011\/12\/16_12_alinca_jovem-150x146.jpg 150w, https:\/\/ultimato.com.br\/sites\/jovem\/files\/2011\/12\/16_12_alinca_jovem.jpg 976w\" sizes=\"auto, (max-width: 210px) 100vw, 210px\" \/><\/a>L\u00edderes de v\u00e1rias denomina\u00e7\u00f5es evang\u00e9licas se reuniram em Bras\u00edlia\/DF, de 24 a 26 de novembro de 2011, para o I F\u00f3rum da <a href=\"http:\/\/www.aliancaevangelica.org.br\/\">Alian\u00e7a Crist\u00e3 Evang\u00e9lica Brasileira<\/a><em>, organiza\u00e7\u00e3o criada <\/em>por e para os evang\u00e9licos com vista \u00e0 defesa dos direitos e interesses do seu grupo e de toda a sociedade brasileira. Nesses dias, tiveram a oportunidade de discutir temas importantes relacionados \u00e0 atua\u00e7\u00e3o dos crist\u00e3os na sociedade e \u201ctrocar figurinhas\u201d sobre propostas que se ligam \u00e0 vis\u00e3o da <em>Alian\u00e7a<\/em> \u2013 unidade, identidade e miss\u00e3o. Para tanto, no dia 25 foi realizada uma Assembleia Geral, o que viabilizou a exist\u00eancia jur\u00eddica da institui\u00e7\u00e3o.<!--more--><\/p>\n<p>A <em>Alian\u00e7a<\/em>, com sua exist\u00eancia formal, quer ser voz e bra\u00e7os dos mais de 25 milh\u00f5es de evang\u00e9licos do pa\u00eds. Para tanto, precisamos de uni\u00e3o, deixando de lado discuss\u00f5es teol\u00f3gicas perif\u00e9ricas e nos concentrando naquilo que somos un\u00edssonos: dever de evangeliza\u00e7\u00e3o e a\u00e7\u00e3o mission\u00e1ria, respeito aos direitos humanos e agenciamento de capelanias espec\u00edficas, respondendo aos anseios de toda a comunidade.<\/p>\n<p>A defesa de padr\u00f5es b\u00edblicos e \u00e9ticos tamb\u00e9m deve ser uma t\u00f4nica. E n\u00e3o apenas numa perspectiva meramente moralizante, mas atrav\u00e9s de elementos que auxiliem na transforma\u00e7\u00e3o de toda a sociedade, permitindo, por exemplo, uma melhor distribui\u00e7\u00e3o de renda, a igualdade no acesso aos servi\u00e7os de educa\u00e7\u00e3o e sa\u00fade e o combate a toda forma de corrup\u00e7\u00e3o.<\/p>\n<p>O presente se constitui mais num chamamento que numa proposi\u00e7\u00e3o sofisticada. Sua igreja, movimento, organiza\u00e7\u00e3o ou minist\u00e9rio podem fazer parte da <em>Alian\u00e7a<\/em> e, o que \u00e9 realmente importante, com <strong>direito a voz e voto<\/strong> nas assembleias. E voc\u00ea, isoladamente, tamb\u00e9m pode contribuir para essa hist\u00f3ria, filiando-se.<\/p>\n<p>Mobilize, ajude e promova esse ideal. Juntemos nossas for\u00e7as para mudarmos o rumo da na\u00e7\u00e3o! E que Deus nos aben\u00e7oe nessa empreitada!<\/p>\n<p>_________<\/p>\n<p><strong><a href=\"http:\/\/www.direitoereligiao.com.br\/\">Antonio Carlos da Rosa<\/a><\/strong>, 27 anos, \u00e9 mestrando em <em>Ci\u00eancia da Religi\u00e3o<\/em> e membro do <em>Juristas de Cristo.<br \/>\n<\/em><a href=\"http:\/\/br.mc1114.mail.yahoo.com\/mc\/compose?to=acarlos_juridico@yahoo.com.br\" target=\"_blank\">acarlos_juridico@yahoo.com.br<\/a>.<\/p>\n","protected":false},"excerpt":{"rendered":"<p>L\u00edderes de v\u00e1rias denomina\u00e7\u00f5es evang\u00e9licas se reuniram em Bras\u00edlia\/DF, de 24 a 26 de novembro de 2011, para o I F\u00f3rum da Alian\u00e7a Crist\u00e3 Evang\u00e9lica Brasileira, organiza\u00e7\u00e3o criada por e para os evang\u00e9licos com vista \u00e0 defesa dos direitos e interesses do seu grupo e de toda a sociedade brasileira. Nesses dias, tiveram a oportunidade [&hellip;]<\/p>\n","protected":false},"author":19,"featured_media":0,"comment_status":"open","ping_status":"open","sticky":false,"template":"","format":"standard","meta":{"ngg_post_thumbnail":0,"footnotes":""},"categories":[6054],"tags":[],"class_list":["post-1379","post","type-post","status-publish","format-standard","hentry","category-textos"],"_links":{"self":[{"href":"https:\/\/ultimato.com.br\/sites\/jovem\/wp-json\/wp\/v2\/posts\/1379","targetHints":{"allow":["GET"]}}],"collection":[{"href":"https:\/\/ultimato.com.br\/sites\/jovem\/wp-json\/wp\/v2\/posts"}],"about":[{"href":"https:\/\/ultimato.com.br\/sites\/jovem\/wp-json\/wp\/v2\/types\/post"}],"author":[{"embeddable":true,"href":"https:\/\/ultimato.com.br\/sites\/jovem\/wp-json\/wp\/v2\/users\/19"}],"replies":[{"embeddable":true,"href":"https:\/\/ultimato.com.br\/sites\/jovem\/wp-json\/wp\/v2\/comments?post=1379"}],"version-history":[{"count":2,"href":"https:\/\/ultimato.com.br\/sites\/jovem\/wp-json\/wp\/v2\/posts\/1379\/revisions"}],"predecessor-version":[{"id":1383,"href":"https:\/\/ultimato.com.br\/sites\/jovem\/wp-json\/wp\/v2\/posts\/1379\/revisions\/1383"}],"wp:attachment":[{"href":"https:\/\/ultimato.com.br\/sites\/jovem\/wp-json\/wp\/v2\/media?parent=1379"}],"wp:term":[{"taxonomy":"category","embeddable":true,"href":"https:\/\/ultimato.com.br\/sites\/jovem\/wp-json\/wp\/v2\/categories?post=1379"},{"taxonomy":"post_tag","embeddable":true,"href":"https:\/\/ultimato.com.br\/sites\/jovem\/wp-json\/wp\/v2\/tags?post=1379"}],"curies":[{"name":"wp","href":"https:\/\/api.w.org\/{rel}","templated":true}]}}