{"id":1364,"date":"2011-12-12T10:20:14","date_gmt":"2011-12-12T13:20:14","guid":{"rendered":"http:\/\/ultimato.com.br\/sites\/jovem\/?p=1364"},"modified":"2011-12-12T10:24:28","modified_gmt":"2011-12-12T13:24:28","slug":"ao-homem-pertencem-os-planos-do-coracao","status":"publish","type":"post","link":"https:\/\/ultimato.com.br\/sites\/jovem\/2011\/12\/12\/ao-homem-pertencem-os-planos-do-coracao\/","title":{"rendered":"Ao homem pertencem os planos do cora\u00e7\u00e3o&#8230;"},"content":{"rendered":"<blockquote><p>\u201cAo homem pertencem os planos do cora\u00e7\u00e3o, mas do Senhor vem a resposta da l\u00edngua\u201d<br \/>\n(Pv 16.1)<\/p><\/blockquote>\n<p><a href=\"http:\/\/ultimato.com.br\/sites\/jovem\/files\/2011\/12\/12_12_surfista1.jpg\" class=\"lightview\" data-lightview-group=\"group-1364\" data-lightview-options=\"skin: 'dark', controls: 'relative', padding: '10', shadow: { color: '#000000', opacity: 0.08, blur: 3 }\" data-lightview-title=\"\"><img loading=\"lazy\" decoding=\"async\" class=\"aligncenter size-full wp-image-1369\" title=\"\" src=\"http:\/\/ultimato.com.br\/sites\/jovem\/files\/2011\/12\/12_12_surfista1.jpg\" alt=\"\" width=\"598\" height=\"242\" srcset=\"https:\/\/ultimato.com.br\/sites\/jovem\/files\/2011\/12\/12_12_surfista1.jpg 598w, https:\/\/ultimato.com.br\/sites\/jovem\/files\/2011\/12\/12_12_surfista1-300x121.jpg 300w, https:\/\/ultimato.com.br\/sites\/jovem\/files\/2011\/12\/12_12_surfista1-150x60.jpg 150w\" sizes=\"auto, (max-width: 598px) 100vw, 598px\" \/><\/a>Lembro-me de uma das vezes que fui surfar. Era uma praia praticamente deserta. Perguntei para alguns moradores do vilarejo qual caminho deveria seguir. Ent\u00e3o peguei minha prancha e fui pelo caminho indicado. Tudo estava indo bem at\u00e9 me deparar com uma bifurca\u00e7\u00e3o. Olhei e precisava de uma resposta. Acabei pegando a trilha que me parecia mais \u00f3bvia. Caminhei por mais algum tempo, depois a trilha tornou-se mais estreita e, por fim, acabou bem embaixo de uma jaqueira. Diante daquelas jacas, voltei e peguei a outra trilha que, afinal, me levou \u00e0 praia.<!--more--><\/p>\n<p>Prov\u00e9rbios relata que \u201ch\u00e1 um caminho que parece certo ao homem, mas no final conduz \u00e0 morte\u201d (Pv 14.12). Ao longo da vida, a hist\u00f3ria da praia se repete muitas vezes, especialmente quando passamos por conflitos de valores. N\u00e3o sabemos que dire\u00e7\u00e3o tomar e somos tentados a obedecer ao que diz nosso cora\u00e7\u00e3o. Ningu\u00e9m gosta de se sentir perdido, ou chegar em um lugar e descobrir que n\u00e3o era bem ali que queria estar. Precisamos de orienta\u00e7\u00e3o.<\/p>\n<p>Estamos o tempo todo fazendo escolhas, mesmo que geralmente n\u00e3o percebamos. Abro a geladeira, e&#8230; suco ou refri? As escolhas existem porque somos livres e temos capacidade para pensar no que queremos.<\/p>\n<p>Todos querem chegar sem susto a um lugar seguro. Nos diferenciamos no Reino Animal pela capacidade de pensar e decidir nossa pr\u00f3pria vida. No caso de uma carreira, n\u00e3o nascemos com uma determina\u00e7\u00e3o biol\u00f3gica para cumprir uma atividade profissional espec\u00edfica. Somos livres e temos uma infinidade de op\u00e7\u00f5es diante de n\u00f3s.<\/p>\n<p>O que quero destacar aqui \u00e9 o seguinte: voc\u00ea pode tra\u00e7ar os seus pr\u00f3prios caminhos, vivendo como se Deus n\u00e3o tivesse nem a\u00ed para isso. Ou pode fazer o convite para Ele participar de tudo em sua vida, inclusive das suas escolhas. Lembre-se: voc\u00ea n\u00e3o est\u00e1 aqui por acaso. Tem um prop\u00f3sito para sua exist\u00eancia, e ele vai se cumprir. E assim ser\u00e1 para todos.<\/p>\n<p>_________<\/p>\n<p><strong>Jeverton \u201cMagr\u00e3o\u201d Ledo<\/strong> \u00e9 mission\u00e1rio, autor de \u201cMinha Escolha Profissional \u2014 o que Deus tem a ver com isso?\u201d (Editora Vida).<br \/>\n<a href=\"..\/2011\/11\/14\/2011\/09\/12\/o-dia-ficou-cinza\/jeverton.ledo@gmail.com\" target=\"_blank\">jeverton.ledo@gmail.com<\/a><\/p>\n","protected":false},"excerpt":{"rendered":"<p>\u201cAo homem pertencem os planos do cora\u00e7\u00e3o, mas do Senhor vem a resposta da l\u00edngua\u201d (Pv 16.1) Lembro-me de uma das vezes que fui surfar. Era uma praia praticamente deserta. Perguntei para alguns moradores do vilarejo qual caminho deveria seguir. Ent\u00e3o peguei minha prancha e fui pelo caminho indicado. Tudo estava indo bem at\u00e9 me [&hellip;]<\/p>\n","protected":false},"author":19,"featured_media":0,"comment_status":"open","ping_status":"open","sticky":false,"template":"","format":"standard","meta":{"ngg_post_thumbnail":0,"footnotes":""},"categories":[6054],"tags":[],"class_list":["post-1364","post","type-post","status-publish","format-standard","hentry","category-textos"],"_links":{"self":[{"href":"https:\/\/ultimato.com.br\/sites\/jovem\/wp-json\/wp\/v2\/posts\/1364","targetHints":{"allow":["GET"]}}],"collection":[{"href":"https:\/\/ultimato.com.br\/sites\/jovem\/wp-json\/wp\/v2\/posts"}],"about":[{"href":"https:\/\/ultimato.com.br\/sites\/jovem\/wp-json\/wp\/v2\/types\/post"}],"author":[{"embeddable":true,"href":"https:\/\/ultimato.com.br\/sites\/jovem\/wp-json\/wp\/v2\/users\/19"}],"replies":[{"embeddable":true,"href":"https:\/\/ultimato.com.br\/sites\/jovem\/wp-json\/wp\/v2\/comments?post=1364"}],"version-history":[{"count":4,"href":"https:\/\/ultimato.com.br\/sites\/jovem\/wp-json\/wp\/v2\/posts\/1364\/revisions"}],"predecessor-version":[{"id":1367,"href":"https:\/\/ultimato.com.br\/sites\/jovem\/wp-json\/wp\/v2\/posts\/1364\/revisions\/1367"}],"wp:attachment":[{"href":"https:\/\/ultimato.com.br\/sites\/jovem\/wp-json\/wp\/v2\/media?parent=1364"}],"wp:term":[{"taxonomy":"category","embeddable":true,"href":"https:\/\/ultimato.com.br\/sites\/jovem\/wp-json\/wp\/v2\/categories?post=1364"},{"taxonomy":"post_tag","embeddable":true,"href":"https:\/\/ultimato.com.br\/sites\/jovem\/wp-json\/wp\/v2\/tags?post=1364"}],"curies":[{"name":"wp","href":"https:\/\/api.w.org\/{rel}","templated":true}]}}