{"id":1355,"date":"2011-12-07T14:01:29","date_gmt":"2011-12-07T17:01:29","guid":{"rendered":"http:\/\/ultimato.com.br\/sites\/jovem\/?p=1355"},"modified":"2011-12-05T14:02:35","modified_gmt":"2011-12-05T17:02:35","slug":"o-desenvolvimento-e-uma-aspiracao-da-juventude","status":"publish","type":"post","link":"https:\/\/ultimato.com.br\/sites\/jovem\/2011\/12\/07\/o-desenvolvimento-e-uma-aspiracao-da-juventude\/","title":{"rendered":"O desenvolvimento \u00e9 uma aspira\u00e7\u00e3o da juventude"},"content":{"rendered":"<p>(<a href=\"http:\/\/www.adital.com.br\/jovem\/noticia.asp?boletim=1&amp;lang=PT&amp;cod=62955\" target=\"_blank\">Adital<\/a>) O Brasil vive um momento singular tamb\u00e9m para a sua juventude. O momento \u00e9 marcado pelo b\u00f4nus demogr\u00e1fico, quando temos a maior Popula\u00e7\u00e3o Economicamente Ativa (e a mais jovem) de nossa Hist\u00f3ria. S\u00e3o cerca de 52 milh\u00f5es de jovens entre 15 e 29 anos, mais de 50% da PEA. Isso torna incontorn\u00e1vel ao desafio do desenvolvimento abrir \u00e0 juventude um horizonte de direitos, consider\u00e1-la protagonista desse momento.<\/p>\n<p>O movimento sindical classista busca qualificar e disputar o modelo do desenvolvimento, atrav\u00e9s da valoriza\u00e7\u00e3o do trabalho, o que pode integrar a nova gera\u00e7\u00e3o em uma trajet\u00f3ria de direitos e oportunidades, numa curva de eleva\u00e7\u00e3o de sal\u00e1rios, de forma\u00e7\u00e3o profissional, de fortalecimento do mercado interno, de incorpora\u00e7\u00e3o de valor e tecnologia \u00e0 produ\u00e7\u00e3o, com a afirma\u00e7\u00e3o do Brasil, uma integra\u00e7\u00e3o de novo tipo na Am\u00e9rica Latina e o crescimento das rela\u00e7\u00f5es Sul-Sul.<\/p>\n<p>Esse desafio \u00e9 imenso. A oportunidade do b\u00f4nus demogr\u00e1fico \u00e9 transit\u00f3ria. Doravante, nosso crescimento vegetativo levar\u00e1 ao envelhecimento da popula\u00e7\u00e3o, que trar\u00e1 em si a qualidade de vida que p\u00f4de construir nesses anos que vivemos. Os piores indicadores sociais afligem a juventude atual,<!--more--> que sofre ainda os preju\u00edzos de mais de 20 anos de crise e recess\u00e3o, agravados pelo neoliberalismo. Esse d\u00e9ficit social n\u00e3o foi equacionado, e mesmo com os avan\u00e7os, muito houve de lentid\u00e3o e de concess\u00f5es feitas pelo projeto mudancista iniciado por Lula. Elas tiveram seu impacto na inclus\u00e3o juvenil, porque o ritmo do crescimento econ\u00f4mico e da produ\u00e7\u00e3o, os empregos, os direitos, tudo \u00e9 condicionado \u00e0 correla\u00e7\u00e3o de for\u00e7as dessa \u00e9poca de hegemonia do capital financeiro, aprofundada pelo neoliberalismo, que ainda n\u00e3o foi vencido.<\/p>\n<p><strong>A juventude e o Brasil n\u00e3o podem mais esperar<\/strong><\/p>\n<p>Deixar a juventude envelhecer desempregada, nas pris\u00f5es, sem sa\u00fade, sem cultura, sem escola, que \u00e9 o que o neoliberalismo nos imp\u00f5e, \u00e9 sobretudo, uma decis\u00e3o pol\u00edtica, que nos legaria um futuro de priva\u00e7\u00f5es, tristezas e submiss\u00e3o. S\u00f3 uma pol\u00edtica estrat\u00e9gica, com recursos, pode enfrentar o desafio da juventude e do desenvolvimento. Duas coisas interessam \u00e0 juventude: ter prioridade para o desenvolvimento nacional, o que torna inescap\u00e1vel a necessidade de derrotar o capital financeiro que parasita a Na\u00e7\u00e3o, cobrando pre\u00e7o alt\u00edssimo exatamente \u00e0 juventude.<\/p>\n<p>H\u00e1 quase uma d\u00e9cada da primeira elei\u00e7\u00e3o de Lula, quais as pol\u00edticas p\u00fablicas que de fato mudaram a vida dos jovens brasileiros? Destacam-se as que lhes apontam o caminho da escola e do trabalho qualificado e com direitos, abrindo caminho \u00e0 emancipa\u00e7\u00e3o, que se efetiva com a incorpora\u00e7\u00e3o a uma vida adulta plena. As iniciativas mais consistentes s\u00e3o pol\u00edticas como a reserva de vagas, as cotas, o Bolsa Fam\u00edlia (gra\u00e7as \u00e0 obrigatoriedade de frequ\u00eancia escolar), o PROUNI, o REUNI e o PROJOVEM \u2013 com seu \u00eaxito a depender da incorpora\u00e7\u00e3o dos jovens em situa\u00e7\u00e3o de vulnerabilidade \u00e0 escola e ao trabalho. E da\u00ed adv\u00e9m as expectativas positivas a respeito do PRONATEC, que prop\u00f5e educa\u00e7\u00e3o profissional para 8 milh\u00f5es de brasileiros(as).<\/p>\n<p><strong>Os rentistas atrasam o Brasil<\/strong><\/p>\n<p>Os limites de tais pol\u00edticas foram claramente influenciados pela capacidade de investimento do Estado Brasileiro, submetido ao constrangimento do rentismo, que imp\u00f5e uma pol\u00edtica monet\u00e1ria que onera a produ\u00e7\u00e3o e o consumo. Em 2010, ela nos custou a bagatela de 44,93% do Or\u00e7amento da Uni\u00e3o, conforme ilustrou a revista Le Monde Diplomatique Brasil, em junho, que nos traz o interessante gr\u00e1fico a seguir. Importante recordar que Tiradentes lutava contra o quinto que pag\u00e1vamos a Portugal, que era 20% do ouro, e por isso foi esquartejado, teve seu corpo exposto \u00e0 fome dos urubus, teve sua casa demolida e salgada, para que nada nascesse em seu solo. Ainda hoje \u00e9 assim, vejam s\u00f3!<\/p>\n<p><a href=\"http:\/\/ultimato.com.br\/sites\/jovem\/files\/2011\/12\/05_12_jovem_diplomatique.png\" class=\"lightview\" data-lightview-group=\"group-1355\" data-lightview-options=\"skin: 'dark', controls: 'relative', padding: '10', shadow: { color: '#000000', opacity: 0.08, blur: 3 }\" data-lightview-title=\"\"><img loading=\"lazy\" decoding=\"async\" class=\"aligncenter size-full wp-image-1356\" title=\"\" src=\"http:\/\/ultimato.com.br\/sites\/jovem\/files\/2011\/12\/05_12_jovem_diplomatique.png\" alt=\"\" width=\"517\" height=\"644\" srcset=\"https:\/\/ultimato.com.br\/sites\/jovem\/files\/2011\/12\/05_12_jovem_diplomatique.png 517w, https:\/\/ultimato.com.br\/sites\/jovem\/files\/2011\/12\/05_12_jovem_diplomatique-240x300.png 240w, https:\/\/ultimato.com.br\/sites\/jovem\/files\/2011\/12\/05_12_jovem_diplomatique-120x150.png 120w\" sizes=\"auto, (max-width: 517px) 100vw, 517px\" \/><\/a>Esses 635 bilh\u00f5es de reais foram para os rentistas, os banqueiros, o capital financeiro, sangrando a produ\u00e7\u00e3o, a educa\u00e7\u00e3o, a sa\u00fade, os trabalhadores e o povo. O que se fez, e muito se fez, foi apesar disso, e n\u00e3o gra\u00e7as ao suposto rigor fiscal, como apregoa a imprensa golpista, o capital financeiro e seus s\u00f3cios. Por isso \u00e9 t\u00e3o importante defender as mudan\u00e7as na pol\u00edtica econ\u00f4mica, enfim iniciadas ap\u00f3s as manifesta\u00e7\u00f5es de estudantes e trabalhadores do campo e da cidade realizadas em agosto, em especial as sucessivas redu\u00e7\u00f5es da taxa SELIC &#8211; que remunera os t\u00edtulos da d\u00edvida p\u00fablica, encarece o cr\u00e9dito e a produ\u00e7\u00e3o. \u00c9 preciso tornar sem retorno tais mudan\u00e7as, conformando um novo pacto nacional que valorize a produ\u00e7\u00e3o, o trabalho, o investimento produtivo e a mudan\u00e7a da face do pa\u00eds, no contexto do Pr\u00e9-Sal, dos grandes eventos esportivos e da retomada do crescimento econ\u00f4mico, e apesar da crise. Em um contexto desses os jovens ser\u00e3o a mola, e n\u00e3o o calcanhar de Aquiles do desenvolvimento.<\/p>\n","protected":false},"excerpt":{"rendered":"<p>(Adital) O Brasil vive um momento singular tamb\u00e9m para a sua juventude. O momento \u00e9 marcado pelo b\u00f4nus demogr\u00e1fico, quando temos a maior Popula\u00e7\u00e3o Economicamente Ativa (e a mais jovem) de nossa Hist\u00f3ria. S\u00e3o cerca de 52 milh\u00f5es de jovens entre 15 e 29 anos, mais de 50% da PEA. Isso torna incontorn\u00e1vel ao desafio [&hellip;]<\/p>\n","protected":false},"author":19,"featured_media":0,"comment_status":"open","ping_status":"open","sticky":false,"template":"","format":"standard","meta":{"ngg_post_thumbnail":0,"footnotes":""},"categories":[7],"tags":[],"class_list":["post-1355","post","type-post","status-publish","format-standard","hentry","category-noticias"],"_links":{"self":[{"href":"https:\/\/ultimato.com.br\/sites\/jovem\/wp-json\/wp\/v2\/posts\/1355","targetHints":{"allow":["GET"]}}],"collection":[{"href":"https:\/\/ultimato.com.br\/sites\/jovem\/wp-json\/wp\/v2\/posts"}],"about":[{"href":"https:\/\/ultimato.com.br\/sites\/jovem\/wp-json\/wp\/v2\/types\/post"}],"author":[{"embeddable":true,"href":"https:\/\/ultimato.com.br\/sites\/jovem\/wp-json\/wp\/v2\/users\/19"}],"replies":[{"embeddable":true,"href":"https:\/\/ultimato.com.br\/sites\/jovem\/wp-json\/wp\/v2\/comments?post=1355"}],"version-history":[{"count":3,"href":"https:\/\/ultimato.com.br\/sites\/jovem\/wp-json\/wp\/v2\/posts\/1355\/revisions"}],"predecessor-version":[{"id":1359,"href":"https:\/\/ultimato.com.br\/sites\/jovem\/wp-json\/wp\/v2\/posts\/1355\/revisions\/1359"}],"wp:attachment":[{"href":"https:\/\/ultimato.com.br\/sites\/jovem\/wp-json\/wp\/v2\/media?parent=1355"}],"wp:term":[{"taxonomy":"category","embeddable":true,"href":"https:\/\/ultimato.com.br\/sites\/jovem\/wp-json\/wp\/v2\/categories?post=1355"},{"taxonomy":"post_tag","embeddable":true,"href":"https:\/\/ultimato.com.br\/sites\/jovem\/wp-json\/wp\/v2\/tags?post=1355"}],"curies":[{"name":"wp","href":"https:\/\/api.w.org\/{rel}","templated":true}]}}