{"id":1350,"date":"2011-11-30T14:59:47","date_gmt":"2011-11-30T17:59:47","guid":{"rendered":"http:\/\/ultimato.com.br\/sites\/jovem\/?p=1350"},"modified":"2011-11-30T15:01:06","modified_gmt":"2011-11-30T18:01:06","slug":"ao-combate","status":"publish","type":"post","link":"https:\/\/ultimato.com.br\/sites\/jovem\/2011\/11\/30\/ao-combate\/","title":{"rendered":"Ao combate"},"content":{"rendered":"<p><a href=\"http:\/\/ultimato.com.br\/sites\/jovem\/files\/2011\/11\/30_11_combate_jovem.jpg\" class=\"lightview\" data-lightview-group=\"group-1350\" data-lightview-options=\"skin: 'dark', controls: 'relative', padding: '10', shadow: { color: '#000000', opacity: 0.08, blur: 3 }\" data-lightview-title=\"\"><img loading=\"lazy\" decoding=\"async\" class=\"alignright size-medium wp-image-1351\" title=\"\" src=\"http:\/\/ultimato.com.br\/sites\/jovem\/files\/2011\/11\/30_11_combate_jovem-183x300.jpg\" alt=\"\" width=\"183\" height=\"300\" srcset=\"https:\/\/ultimato.com.br\/sites\/jovem\/files\/2011\/11\/30_11_combate_jovem-183x300.jpg 183w, https:\/\/ultimato.com.br\/sites\/jovem\/files\/2011\/11\/30_11_combate_jovem-91x150.jpg 91w, https:\/\/ultimato.com.br\/sites\/jovem\/files\/2011\/11\/30_11_combate_jovem.jpg 219w\" sizes=\"auto, (max-width: 183px) 100vw, 183px\" \/><\/a>Dias atr\u00e1s me encontrei buscando respostas em po\u00e7os vazios, brigando comigo mesma a ponto de duvidar daquilo que \u00e9 claro e evidente a minha vida.<\/p>\n<p>Perguntando pra mim mesma o que \u00e9 crer, se vale mesmo a pena. Sentia um aperto no cora\u00e7\u00e3o lembrando-me de assuntos t\u00e3o pol\u00eamicos na sala de aula e quando chegava em meu quarto s\u00f3 conseguia pensar naquilo, e me esquecia Dele. Oh, como Deus&#8230; \u00e9 Deus.<\/p>\n<p>Eu tinha acabado de perder meu pen drive. Revirei minhas gavetas, que por sinal s\u00f3 tem papel, e logo encontrei uma revista antiga. Por curiosidade, resolvi abri-la e encontrei:<\/p>\n<blockquote><p>\u201cNem se ocupem com f\u00e1bulas e genealogias sem fim, que, antes, promovem discuss\u00f5es do que o servi\u00e7o de Deus, na f\u00e9.\u201d<br \/>\nI Tim\u00f3teo 1:4<\/p><\/blockquote>\n<p><!--more-->Assim como a ci\u00eancia tem mist\u00e9rios que n\u00e3o foram revelados, assim tamb\u00e9m tem o Cristianismo. A f\u00e9 em Cristo n\u00e3o se prop\u00f5e a resolver todos os mist\u00e9rios do Universo (Deuteron\u00f4mio 29:29), mas a resolver o nosso relacionamento com Deus e com o pr\u00f3ximo.<\/p>\n<p>Somos muitas vezes questionados sobre a nossa f\u00e9, sobre o que cremos. E existem pessoas (intelectuais, professores, entre outros) que passam a ter uma influ\u00eancia na nossa mente. Confesso que sempre quando surge esse tema na escola sobre \u201cCria\u00e7\u00e3o ou Evolu\u00e7\u00e3o\u201d d\u00e1 um grande \u201cibope\u201d. Sem entender muito bem do assunto, em geral, n\u00e3o somos encorajados a confront\u00e1-los. N\u00e3o digo que devemos ter uma preocupa\u00e7\u00e3o em provar coisas que nem Deus se deu ao trabalho de provar&#8230; Lendo a B\u00edblia, encontraremos poucas passagens e temas com justificativas. A \u00fanica que d\u00e1 um pulo aos nossos olhos \u00e9 que Jesus \u00e9 o \u00fanico filho de Deus que veio \u00e0 Terra como homem para morrer na Cruz pelos nossos pecados.<\/p>\n<p>Precisamos mesmo \u00e9 abrir nossos olhos e mentes para o que realmente tem valor: mostrar ao mundo que Cristo \u00e9 \u201cO caminho, e A verdade, e A vida&#8230;\u201d (Jo\u00e3o 14:6). A B\u00edblia n\u00e3o precisa da gente como advogados de defesa. O que Deus quer \u00e9 que sejamos exemplos, modelos, anunciando a Boa Nova.<\/p>\n<p>As revela\u00e7\u00f5es b\u00edblicas n\u00e3o s\u00e3o contr\u00e1rias \u00e0 Ci\u00eancia, mas cada qual trata de um assunto diferente. A B\u00edblia n\u00e3o \u00e9 um documento cient\u00edfico: o que h\u00e1 nela \u00e9 o que Deus quer comunicar para n\u00f3s. Contradi\u00e7\u00f5es surgir\u00e3o se compararmos fatos de natureza e finalidades diferentes.<\/p>\n<p>Assim como Paulo designou uma miss\u00e3o a Tim\u00f3teo, temos que dar continuidade a ela: combater o bom combate mantendo a nossa f\u00e9 e a boa consci\u00eancia. Usar a nossa mente e o cora\u00e7\u00e3o para entender, estudar muito a Palavra, com\u00ea-la DIARIAMENTE, crer nas maravilhas de Deus de modo mais inteligente e seguro.<\/p>\n<blockquote><p>\u201cCrer \u00e9 tamb\u00e9m pensar.\u201d<br \/>\nJohn Stott<\/p><\/blockquote>\n<p>__________<\/p>\n<p><a href=\"http:\/\/twitter.com\/#!\/marianyrocha\" target=\"_blank\"><strong>Mariany Rocha<\/strong><\/a>, 17 anos,\u00a0 \u00e9 estudante do 3\u00b0 ano, mora em Vila Velha (ES) e integra a equipe do Grow, minist\u00e9rio para adolescentes de 13 a 17 anos da Igreja Evang\u00e9lica Miss\u00e3o Praia da Costa<\/p>\n","protected":false},"excerpt":{"rendered":"<p>Dias atr\u00e1s me encontrei buscando respostas em po\u00e7os vazios, brigando comigo mesma a ponto de duvidar daquilo que \u00e9 claro e evidente a minha vida. Perguntando pra mim mesma o que \u00e9 crer, se vale mesmo a pena. Sentia um aperto no cora\u00e7\u00e3o lembrando-me de assuntos t\u00e3o pol\u00eamicos na sala de aula e quando chegava [&hellip;]<\/p>\n","protected":false},"author":19,"featured_media":0,"comment_status":"open","ping_status":"open","sticky":false,"template":"","format":"standard","meta":{"ngg_post_thumbnail":0,"footnotes":""},"categories":[6054],"tags":[],"class_list":["post-1350","post","type-post","status-publish","format-standard","hentry","category-textos"],"_links":{"self":[{"href":"https:\/\/ultimato.com.br\/sites\/jovem\/wp-json\/wp\/v2\/posts\/1350","targetHints":{"allow":["GET"]}}],"collection":[{"href":"https:\/\/ultimato.com.br\/sites\/jovem\/wp-json\/wp\/v2\/posts"}],"about":[{"href":"https:\/\/ultimato.com.br\/sites\/jovem\/wp-json\/wp\/v2\/types\/post"}],"author":[{"embeddable":true,"href":"https:\/\/ultimato.com.br\/sites\/jovem\/wp-json\/wp\/v2\/users\/19"}],"replies":[{"embeddable":true,"href":"https:\/\/ultimato.com.br\/sites\/jovem\/wp-json\/wp\/v2\/comments?post=1350"}],"version-history":[{"count":2,"href":"https:\/\/ultimato.com.br\/sites\/jovem\/wp-json\/wp\/v2\/posts\/1350\/revisions"}],"predecessor-version":[{"id":1353,"href":"https:\/\/ultimato.com.br\/sites\/jovem\/wp-json\/wp\/v2\/posts\/1350\/revisions\/1353"}],"wp:attachment":[{"href":"https:\/\/ultimato.com.br\/sites\/jovem\/wp-json\/wp\/v2\/media?parent=1350"}],"wp:term":[{"taxonomy":"category","embeddable":true,"href":"https:\/\/ultimato.com.br\/sites\/jovem\/wp-json\/wp\/v2\/categories?post=1350"},{"taxonomy":"post_tag","embeddable":true,"href":"https:\/\/ultimato.com.br\/sites\/jovem\/wp-json\/wp\/v2\/tags?post=1350"}],"curies":[{"name":"wp","href":"https:\/\/api.w.org\/{rel}","templated":true}]}}