{"id":133,"date":"2009-07-10T14:46:49","date_gmt":"2009-07-10T14:46:49","guid":{"rendered":"http:\/\/ultimato.com.br\/sites\/jovem\/?p=133"},"modified":"2010-09-24T16:02:27","modified_gmt":"2010-09-24T16:02:27","slug":"mochila-nas-costas-e-diario-na-mao","status":"publish","type":"post","link":"https:\/\/ultimato.com.br\/sites\/jovem\/2009\/07\/10\/mochila-nas-costas-e-diario-na-mao\/","title":{"rendered":"Mochila nas Costas e Di\u00e1rio na M\u00e3o"},"content":{"rendered":"<p>V\u00cdDEO &#8211; O livro <em>Mochila nas Costas e Di\u00e1rio na M\u00e3o<\/em> foi lan\u00e7ado no Ano das Juventudes da Ultimato (2009) e dedicado aos jovens pelo autor Rev. Elben C\u00e9sar. Conhe\u00e7a um pouco do livro.<\/p>\n<p><img src=\"https:\/\/ultimato.com.br\/sites\/jovem\/wp-content\/plugins\/lightview-plus\/img\/novideo.png\" width=\"300\" height=\"168\" alt=\"Video not available\" \/><br \/><\/p>\n","protected":false},"excerpt":{"rendered":"<p>V\u00cdDEO &#8211; O livro Mochila nas Costas e Di\u00e1rio na M\u00e3o foi lan\u00e7ado no Ano das Juventudes da Ultimato (2009) e dedicado aos jovens pelo autor Rev. Elben C\u00e9sar. Conhe\u00e7a um pouco do livro.<\/p>\n","protected":false},"author":8,"featured_media":0,"comment_status":"open","ping_status":"open","sticky":false,"template":"","format":"standard","meta":{"ngg_post_thumbnail":0,"footnotes":""},"categories":[115],"tags":[],"class_list":["post-133","post","type-post","status-publish","format-standard","hentry","category-videos"],"_links":{"self":[{"href":"https:\/\/ultimato.com.br\/sites\/jovem\/wp-json\/wp\/v2\/posts\/133","targetHints":{"allow":["GET"]}}],"collection":[{"href":"https:\/\/ultimato.com.br\/sites\/jovem\/wp-json\/wp\/v2\/posts"}],"about":[{"href":"https:\/\/ultimato.com.br\/sites\/jovem\/wp-json\/wp\/v2\/types\/post"}],"author":[{"embeddable":true,"href":"https:\/\/ultimato.com.br\/sites\/jovem\/wp-json\/wp\/v2\/users\/8"}],"replies":[{"embeddable":true,"href":"https:\/\/ultimato.com.br\/sites\/jovem\/wp-json\/wp\/v2\/comments?post=133"}],"version-history":[{"count":7,"href":"https:\/\/ultimato.com.br\/sites\/jovem\/wp-json\/wp\/v2\/posts\/133\/revisions"}],"predecessor-version":[{"id":8203,"href":"https:\/\/ultimato.com.br\/sites\/jovem\/wp-json\/wp\/v2\/posts\/133\/revisions\/8203"}],"wp:attachment":[{"href":"https:\/\/ultimato.com.br\/sites\/jovem\/wp-json\/wp\/v2\/media?parent=133"}],"wp:term":[{"taxonomy":"category","embeddable":true,"href":"https:\/\/ultimato.com.br\/sites\/jovem\/wp-json\/wp\/v2\/categories?post=133"},{"taxonomy":"post_tag","embeddable":true,"href":"https:\/\/ultimato.com.br\/sites\/jovem\/wp-json\/wp\/v2\/tags?post=133"}],"curies":[{"name":"wp","href":"https:\/\/api.w.org\/{rel}","templated":true}]}}