{"id":1325,"date":"2011-11-23T16:55:59","date_gmt":"2011-11-23T19:55:59","guid":{"rendered":"http:\/\/ultimato.com.br\/sites\/jovem\/?p=1325"},"modified":"2011-11-23T16:56:45","modified_gmt":"2011-11-23T19:56:45","slug":"visao-df-jovens-e-missao-integral","status":"publish","type":"post","link":"https:\/\/ultimato.com.br\/sites\/jovem\/2011\/11\/23\/visao-df-jovens-e-missao-integral\/","title":{"rendered":"Vis\u00e3o DF: jovens e miss\u00e3o integral"},"content":{"rendered":"<blockquote><p>Bem-aventurados os olhos de voc\u00eas porque v\u00eaem<br \/>\nMateus 13:16<\/p><\/blockquote>\n<p><a href=\"http:\/\/www.ippdf.com.br\/visao\/\"><img loading=\"lazy\" decoding=\"async\" class=\"aligncenter size-full wp-image-1326\" title=\"\" src=\"http:\/\/ultimato.com.br\/sites\/jovem\/files\/2011\/11\/23_11_Visao2011.jpg\" alt=\"\" width=\"448\" height=\"292\" srcset=\"https:\/\/ultimato.com.br\/sites\/jovem\/files\/2011\/11\/23_11_Visao2011.jpg 448w, https:\/\/ultimato.com.br\/sites\/jovem\/files\/2011\/11\/23_11_Visao2011-300x195.jpg 300w, https:\/\/ultimato.com.br\/sites\/jovem\/files\/2011\/11\/23_11_Visao2011-150x97.jpg 150w\" sizes=\"auto, (max-width: 448px) 100vw, 448px\" \/><\/a>Acontece entre os dias 25 e 27 de novembro o congresso Vis\u00e3o DF, evento que tem o objetivo de levar-nos a ouvir a palavra de Deus; refletir sobre o chamado de Cristo; discutir sobre nosso papel no reino de Deus, igreja e sociedade; e meditar e buscar, sob a orienta\u00e7\u00e3o do Esp\u00edrito Santo, novas formas para agir. Haver\u00e1 plen\u00e1rias, semin\u00e1rios, mesas\u2010redondas, m\u00fasica e muitas conversas.\u00a0 &#8220;Cremos que a miss\u00e3o \u00e9 para todos, que Deus n\u00e3o faz distin\u00e7\u00e3o entre mission\u00e1rio e leigo para a expans\u00e3o do seu Reino. Cremos que essa miss\u00e3o pode e deve acontecer dentro de todas as realidades da vida; seja familiar, profissional, estudantil, etc. Subscrevemos o <a href=\"http:\/\/www.ultimato.com.br\/pagina\/pacto-de-lausanne\" target=\"_blank\">Pacto de Lausanne<\/a> como modo de ver essa miss\u00e3o e temos a Palavra de Deus como autoridade absoluta sobre nossas vidas. Cremos que Cristo \u00e9 o \u00fanico que pode trazer ao homem a salva\u00e7\u00e3o, lev\u00e1-lo \u00e0 amizade e intimidade com Deus e reconcilia\u00e7\u00e3o consigo mesmo, com o pr\u00f3ximo, com a sociedade e a cria\u00e7\u00e3o&#8221;, descreve a organiza\u00e7\u00e3o do evento no <a href=\"http:\/\/www.ippdf.com.br\/visao\/\" target=\"_blank\">site oficial<\/a>.<!--more--><\/p>\n<p>Ultimato compartilha das cren\u00e7as do <strong>Vis\u00e3o DF<\/strong> e, por isso, \u00e9 apoiadora oficial do evento. Se voc\u00ea est\u00e1 em Bras\u00edlia ou nas cidades pr\u00f3ximas, n\u00e3o deixe de participar! (Haver\u00e1 venda de livros da editora e Assinatura Ultimato Jovem no local! Quebre o seu cofrinho e invista em literatura de qualidade!)<\/p>\n<p><strong>Ainda est\u00e1 perdido?<\/strong> Saiba <a href=\"http:\/\/www.ippdf.com.br\/visao\/?page_id=117\" target=\"_blank\">onde<\/a>, <a href=\"http:\/\/www.ippdf.com.br\/visao\/?page_id=19\" target=\"_blank\">quando<\/a> e <a href=\"http:\/\/www.ippdf.com.br\/visao\/?page_id=21\" target=\"_blank\">quem<\/a> estar\u00e1 presente neste evento.<\/p>\n<p>&nbsp;<\/p>\n<p><em>(Quer divulgar a programa\u00e7\u00e3o da sua igreja? E-mail AGORA para <a href=\"juventudes@ultimato.com.br\" target=\"_blank\">juventudes@ultimato.com.br<\/a>)<\/em><\/p>\n","protected":false},"excerpt":{"rendered":"<p>Bem-aventurados os olhos de voc\u00eas porque v\u00eaem Mateus 13:16 Acontece entre os dias 25 e 27 de novembro o congresso Vis\u00e3o DF, evento que tem o objetivo de levar-nos a ouvir a palavra de Deus; refletir sobre o chamado de Cristo; discutir sobre nosso papel no reino de Deus, igreja e sociedade; e meditar e [&hellip;]<\/p>\n","protected":false},"author":19,"featured_media":0,"comment_status":"open","ping_status":"open","sticky":false,"template":"","format":"standard","meta":{"ngg_post_thumbnail":0,"footnotes":""},"categories":[172],"tags":[],"class_list":["post-1325","post","type-post","status-publish","format-standard","hentry","category-agenda"],"_links":{"self":[{"href":"https:\/\/ultimato.com.br\/sites\/jovem\/wp-json\/wp\/v2\/posts\/1325","targetHints":{"allow":["GET"]}}],"collection":[{"href":"https:\/\/ultimato.com.br\/sites\/jovem\/wp-json\/wp\/v2\/posts"}],"about":[{"href":"https:\/\/ultimato.com.br\/sites\/jovem\/wp-json\/wp\/v2\/types\/post"}],"author":[{"embeddable":true,"href":"https:\/\/ultimato.com.br\/sites\/jovem\/wp-json\/wp\/v2\/users\/19"}],"replies":[{"embeddable":true,"href":"https:\/\/ultimato.com.br\/sites\/jovem\/wp-json\/wp\/v2\/comments?post=1325"}],"version-history":[{"count":2,"href":"https:\/\/ultimato.com.br\/sites\/jovem\/wp-json\/wp\/v2\/posts\/1325\/revisions"}],"predecessor-version":[{"id":1328,"href":"https:\/\/ultimato.com.br\/sites\/jovem\/wp-json\/wp\/v2\/posts\/1325\/revisions\/1328"}],"wp:attachment":[{"href":"https:\/\/ultimato.com.br\/sites\/jovem\/wp-json\/wp\/v2\/media?parent=1325"}],"wp:term":[{"taxonomy":"category","embeddable":true,"href":"https:\/\/ultimato.com.br\/sites\/jovem\/wp-json\/wp\/v2\/categories?post=1325"},{"taxonomy":"post_tag","embeddable":true,"href":"https:\/\/ultimato.com.br\/sites\/jovem\/wp-json\/wp\/v2\/tags?post=1325"}],"curies":[{"name":"wp","href":"https:\/\/api.w.org\/{rel}","templated":true}]}}