{"id":1310,"date":"2011-11-30T10:26:08","date_gmt":"2011-11-30T13:26:08","guid":{"rendered":"http:\/\/ultimato.com.br\/sites\/jovem\/?p=1310"},"modified":"2011-11-30T10:57:36","modified_gmt":"2011-11-30T13:57:36","slug":"mapa-da-violencia","status":"publish","type":"post","link":"https:\/\/ultimato.com.br\/sites\/jovem\/2011\/11\/30\/mapa-da-violencia\/","title":{"rendered":"Mapa da viol\u00eancia"},"content":{"rendered":"<p>&#8220;Como a viol\u00eancia tem levado \u00e0 morte os jovens brasileiros nas capitais, Estados, grandes conglomerados urbanos e munic\u00edpios?&#8221;: n\u00e3o temos resposta para a pergunta proposta pelo <a href=\"http:\/\/www.sangari.com\/mapadaviolencia\/#completo\" target=\"_blank\">Mapa da Viol\u00eancia 2011 \u2013 Os Jovens do Brasil<\/a>, estudo elaborado pelo Minist\u00e9rio da Justi\u00e7a em conjunto com o Instituto Sangari, bra\u00e7o social da <a href=\"http:\/\/www.sangari.com\/index.cfm\" target=\"_blank\">Sangari<\/a>. Todavia, sabemos que o problema relacionado \u00e1 juventude n\u00e3o \u00e9 pequeno e est\u00e1 longe de se limitar \u00e0 esfera da seguran\u00e7a. Envolve educa\u00e7\u00e3o, estrutura familiar, moradia, oportunidades de emprego e de lazer saud\u00e1vel&#8230;<\/p>\n<p>Apesar da magnitude da quest\u00e3o, precisamos encarar a sua import\u00e2ncia. Os jovens s\u00e3o o futuro do pa\u00eds (quem nunca ouviu esse clich\u00ea?), mas s\u00e3o tamb\u00e9m o seu presente. Por isso, convidamos voc\u00ea a assistir o v\u00eddeo abaixo, ler os relat\u00f3rios e envolver-se em iniciativas que busquem fazer a diferen\u00e7a junto a essa parcela da popula\u00e7\u00e3o. Listamos algumas abaixo:<\/p>\n<p style=\"text-align: center;\">&#8211;<img src=\"https:\/\/ultimato.com.br\/sites\/jovem\/wp-content\/plugins\/lightview-plus\/img\/novideo.png\" width=\"300\" height=\"168\" alt=\"Video not available\" \/><br \/>&#8211;<\/p>\n<p><strong>Minist\u00e9rios jovens<\/strong><\/p>\n<p><a href=\"http:\/\/www.usina21.com.br\/\" target=\"_blank\">Usina 21<\/a><br \/>\n<a href=\"http:\/\/redefale.blogspot.com\/\" target=\"_blank\">FALE<\/a><br \/>\n<a href=\"http:\/\/www.abub.org.br\/\" target=\"_blank\">ABUB<\/a><br \/>\n<a href=\"http:\/\/www.teenstreetbrasil.com.br\/site\/\" target=\"_blank\">Teen Street Brasil<\/a><br \/>\n<a href=\"http:\/\/www.jovensdaverdade.com.br\/\" target=\"_blank\">Jovens da Verdade<br \/>\n<\/a><a href=\"http:\/\/www.jocum.org.br\/\" target=\"_blank\">JOCUM<\/a><a href=\"http:\/\/www.jovensdaverdade.com.br\/\" target=\"_blank\"><br \/>\n<\/a><a href=\"http:\/\/www.juventudenarocha.com.br\/\" target=\"_blank\">Juventude na Rocha<\/a><br \/>\n<a href=\"http:\/\/www.loucosporjesus.com\/\" target=\"_blank\">Loucos por Jesus<\/a><\/p>\n<p style=\"text-align: center;\">Conhece mais minist\u00e9rios? Manda pra gente! Basta comentar!<\/p>\n","protected":false},"excerpt":{"rendered":"<p>&#8220;Como a viol\u00eancia tem levado \u00e0 morte os jovens brasileiros nas capitais, Estados, grandes conglomerados urbanos e munic\u00edpios?&#8221;: n\u00e3o temos resposta para a pergunta proposta pelo Mapa da Viol\u00eancia 2011 \u2013 Os Jovens do Brasil, estudo elaborado pelo Minist\u00e9rio da Justi\u00e7a em conjunto com o Instituto Sangari, bra\u00e7o social da Sangari. Todavia, sabemos que o [&hellip;]<\/p>\n","protected":false},"author":19,"featured_media":0,"comment_status":"open","ping_status":"open","sticky":false,"template":"","format":"standard","meta":{"ngg_post_thumbnail":0,"footnotes":""},"categories":[7],"tags":[],"class_list":["post-1310","post","type-post","status-publish","format-standard","hentry","category-noticias"],"_links":{"self":[{"href":"https:\/\/ultimato.com.br\/sites\/jovem\/wp-json\/wp\/v2\/posts\/1310","targetHints":{"allow":["GET"]}}],"collection":[{"href":"https:\/\/ultimato.com.br\/sites\/jovem\/wp-json\/wp\/v2\/posts"}],"about":[{"href":"https:\/\/ultimato.com.br\/sites\/jovem\/wp-json\/wp\/v2\/types\/post"}],"author":[{"embeddable":true,"href":"https:\/\/ultimato.com.br\/sites\/jovem\/wp-json\/wp\/v2\/users\/19"}],"replies":[{"embeddable":true,"href":"https:\/\/ultimato.com.br\/sites\/jovem\/wp-json\/wp\/v2\/comments?post=1310"}],"version-history":[{"count":13,"href":"https:\/\/ultimato.com.br\/sites\/jovem\/wp-json\/wp\/v2\/posts\/1310\/revisions"}],"predecessor-version":[{"id":1348,"href":"https:\/\/ultimato.com.br\/sites\/jovem\/wp-json\/wp\/v2\/posts\/1310\/revisions\/1348"}],"wp:attachment":[{"href":"https:\/\/ultimato.com.br\/sites\/jovem\/wp-json\/wp\/v2\/media?parent=1310"}],"wp:term":[{"taxonomy":"category","embeddable":true,"href":"https:\/\/ultimato.com.br\/sites\/jovem\/wp-json\/wp\/v2\/categories?post=1310"},{"taxonomy":"post_tag","embeddable":true,"href":"https:\/\/ultimato.com.br\/sites\/jovem\/wp-json\/wp\/v2\/tags?post=1310"}],"curies":[{"name":"wp","href":"https:\/\/api.w.org\/{rel}","templated":true}]}}