{"id":1308,"date":"2011-11-22T14:15:10","date_gmt":"2011-11-22T17:15:10","guid":{"rendered":"http:\/\/ultimato.com.br\/sites\/jovem\/?p=1308"},"modified":"2011-11-23T10:27:40","modified_gmt":"2011-11-23T13:27:40","slug":"landa-cope-no-brasil","status":"publish","type":"post","link":"https:\/\/ultimato.com.br\/sites\/jovem\/2011\/11\/22\/landa-cope-no-brasil\/","title":{"rendered":"Landa Cope no Brasil!"},"content":{"rendered":"<p>A de\u00e3 internacional e fundadora da Faculdade de Comunica\u00e7\u00e3o da Universidade das Na\u00e7\u00f5es da JOCUM, Landa Cope, estar\u00e1 no Brasil! Ela far\u00e1 quatro palestras nos dias 2 e 3 de dezembro no <a href=\"http:\/\/institutotransforma.org\/\" target=\"_blank\">Insituto Transforma<\/a>. N\u00e3o deixe de participar! Ser\u00e3o abordados os temas &#8220;Autoridade e poder no Reino&#8221;, &#8220;Insitui\u00e7\u00f5es de Autoridade&#8221;, &#8220;Lei moral X Lei civil&#8221;, &#8220;O grande mist\u00e9rio revelado em Cristo&#8221; e &#8220;Deus, a B\u00edblia e a justi\u00e7a pol\u00edtica&#8221;.<\/p>\n<p><img loading=\"lazy\" decoding=\"async\" class=\"alignleft\" src=\"http:\/\/disciplenations.files.wordpress.com\/2011\/05\/landa1.jpg\" alt=\"\" width=\"156\" height=\"131\" \/><strong>Quem \u00e9 Landa?<\/strong><\/p>\n<p>Ela tem bacharelado em Artes e Educa\u00e7\u00e3o e mestrado em Humanidades e Estudos Internacionais. Juntou-se \u00e0 JOCUM em 1971 e suas confer\u00eancias e trabalho com miss\u00f5es a tem levado a mais de 110 pa\u00edses. Landa j\u00e1 viveu na \u00c1frica do Norte, Pac\u00edfico e Europa. Ela investiu oito anos desenvolvendo e implementando o trabalho de comunica\u00e7\u00e3o e levantamento de fundos para os <em>Mercy Ships International<\/em>, servindo como oficial de comunica\u00e7\u00e3o. Em 1984, ela mudou-se para Kona, no Hava\u00ed, onde fundou a Faculdade Internacional de Comunica\u00e7\u00e3o, uma das sete faculdades da UofN.<\/p>\n<p><strong>Onde e quando ser\u00e1?<\/strong><\/p>\n<p>O Instituto Transforma fica na rua Alferes Marc\u00edlio Machado, 181, bairro Tingui, Curitiba (PR). Clique <a href=\"http:\/\/g.co\/maps\/w3tzf\" target=\"_blank\">aqui<\/a> para localizar-se no mapa. Haver\u00e1 duas palestras em cada dia, 2 e 3 de dezembro: de 8h45 \u00e0s 12h15 e 19h30 \u00e0s 21h30.<\/p>\n<p><strong>Como participar?<\/strong><\/p>\n<p>Deposite R$50 na conta do respons\u00e1vel do Instituto (veja dados abaixo) e, ent\u00e3o, envie o comprovante (arquivo digital ou escaneado) para <a href=\"http:\/\/ultimato.com.br\/sites\/jovem\/wp-admin\/instituto_transforma@yahoo.com.br\" target=\"_blank\">instituto_transforma@yahoo.com.br<\/a>. Voc\u00ea tamb\u00e9m precisa lev\u00e1-lo no dia da palestra, para garantir a sua entrada.<\/p>\n<ul>\n<li>Banco Ita\u00fa<br \/>\n<span style=\"text-decoration: underline;\">Manuel Poblete<\/span><br \/>\nAg\u00eancia: 8622<br \/>\nC\/c: 09716-3<\/li>\n<\/ul>\n<p><strong>Mais informa\u00e7\u00f5es<\/strong><\/p>\n<p><a href=\"http:\/\/institutotransforma.org\/\" target=\"_blank\">www.institutotransforma.org<\/a><br \/>\n41 3095-2269 ou 41 7818-0665<br \/>\nSe voc\u00ea precisa de hospedagem, entre em contato com o <a href=\"http:\/\/institutotransforma.org\/about\/hospedagem\/\" target=\"_blank\">Lar Rogate.<\/a><\/p>\n","protected":false},"excerpt":{"rendered":"<p>A de\u00e3 internacional e fundadora da Faculdade de Comunica\u00e7\u00e3o da Universidade das Na\u00e7\u00f5es da JOCUM, Landa Cope, estar\u00e1 no Brasil! Ela far\u00e1 quatro palestras nos dias 2 e 3 de dezembro no Insituto Transforma. N\u00e3o deixe de participar! Ser\u00e3o abordados os temas &#8220;Autoridade e poder no Reino&#8221;, &#8220;Insitui\u00e7\u00f5es de Autoridade&#8221;, &#8220;Lei moral X Lei civil&#8221;, [&hellip;]<\/p>\n","protected":false},"author":19,"featured_media":0,"comment_status":"open","ping_status":"open","sticky":false,"template":"","format":"standard","meta":{"ngg_post_thumbnail":0,"footnotes":""},"categories":[172],"tags":[],"class_list":["post-1308","post","type-post","status-publish","format-standard","hentry","category-agenda"],"_links":{"self":[{"href":"https:\/\/ultimato.com.br\/sites\/jovem\/wp-json\/wp\/v2\/posts\/1308","targetHints":{"allow":["GET"]}}],"collection":[{"href":"https:\/\/ultimato.com.br\/sites\/jovem\/wp-json\/wp\/v2\/posts"}],"about":[{"href":"https:\/\/ultimato.com.br\/sites\/jovem\/wp-json\/wp\/v2\/types\/post"}],"author":[{"embeddable":true,"href":"https:\/\/ultimato.com.br\/sites\/jovem\/wp-json\/wp\/v2\/users\/19"}],"replies":[{"embeddable":true,"href":"https:\/\/ultimato.com.br\/sites\/jovem\/wp-json\/wp\/v2\/comments?post=1308"}],"version-history":[{"count":6,"href":"https:\/\/ultimato.com.br\/sites\/jovem\/wp-json\/wp\/v2\/posts\/1308\/revisions"}],"predecessor-version":[{"id":1316,"href":"https:\/\/ultimato.com.br\/sites\/jovem\/wp-json\/wp\/v2\/posts\/1308\/revisions\/1316"}],"wp:attachment":[{"href":"https:\/\/ultimato.com.br\/sites\/jovem\/wp-json\/wp\/v2\/media?parent=1308"}],"wp:term":[{"taxonomy":"category","embeddable":true,"href":"https:\/\/ultimato.com.br\/sites\/jovem\/wp-json\/wp\/v2\/categories?post=1308"},{"taxonomy":"post_tag","embeddable":true,"href":"https:\/\/ultimato.com.br\/sites\/jovem\/wp-json\/wp\/v2\/tags?post=1308"}],"curies":[{"name":"wp","href":"https:\/\/api.w.org\/{rel}","templated":true}]}}