{"id":1297,"date":"2011-11-18T13:02:52","date_gmt":"2011-11-18T16:02:52","guid":{"rendered":"http:\/\/ultimato.com.br\/sites\/jovem\/?p=1297"},"modified":"2011-11-18T13:40:08","modified_gmt":"2011-11-18T16:40:08","slug":"jovens-podem-ajudar-lideres-a-tomar-decisoes-certas-na-rio20","status":"publish","type":"post","link":"https:\/\/ultimato.com.br\/sites\/jovem\/2011\/11\/18\/jovens-podem-ajudar-lideres-a-tomar-decisoes-certas-na-rio20\/","title":{"rendered":"Jovens podem ajudar l\u00edderes a tomar decis\u00f5es certas na Rio+20"},"content":{"rendered":"<p><a href=\"http:\/\/ultimato.com.br\/sites\/jovem\/files\/2011\/11\/18_11_rio20_jovem2.jpg\" class=\"lightview\" data-lightview-group=\"group-1297\" data-lightview-options=\"skin: 'dark', controls: 'relative', padding: '10', shadow: { color: '#000000', opacity: 0.08, blur: 3 }\"><img loading=\"lazy\" decoding=\"async\" class=\"alignleft size-full wp-image-1302\" src=\"http:\/\/ultimato.com.br\/sites\/jovem\/files\/2011\/11\/18_11_rio20_jovem2.jpg\" alt=\"\" width=\"250\" height=\"61\" srcset=\"https:\/\/ultimato.com.br\/sites\/jovem\/files\/2011\/11\/18_11_rio20_jovem2.jpg 417w, https:\/\/ultimato.com.br\/sites\/jovem\/files\/2011\/11\/18_11_rio20_jovem2-300x72.jpg 300w, https:\/\/ultimato.com.br\/sites\/jovem\/files\/2011\/11\/18_11_rio20_jovem2-150x36.jpg 150w\" sizes=\"auto, (max-width: 250px) 100vw, 250px\" \/><\/a>(<a href=\"http:\/\/www.onu.org.br\/jovens-podem-ajudar-lideres-a-tomar-decisoes-certas-na-rio20-afirma-vice-secretaria-geral-da-onu\/\" target=\"_blank\">ONU-BR<\/a>) A Vice-Secret\u00e1ria-Geral das Na\u00e7\u00f5es Unidas, Asha-Rose Migiro, pediu nesta quarta-feira (16\/11) que os jovens usem suas habilidades e energia para apoiar a Confer\u00eancia das Na\u00e7\u00f5es Unidas sobre Desenvolvimento Sustent\u00e1vel (<a href=\"http:\/\/www.uncsd2012.org\/rio20\/\" target=\"_blank\">Rio+20<\/a>), que ser\u00e1 realizada em junho de 2012, no Rio de Janeiro.<\/p>\n<p>Participando de um evento na sede da ONU em parceria com uma institui\u00e7\u00e3o de caridade do Reino Unido, a <em>Peace Child Internationa<\/em>l, <a href=\"http:\/\/www.un.org\/apps\/dsg\/dsgstats.asp?nid=311\" target=\"_blank\">Migiro disse<\/a> que os \u201cjovens podem ajudar os l\u00edderes a tomar as decis\u00f5es certas no Rio\u201d. <!--more-->\u201cEsta \u00e9 a gera\u00e7\u00e3o mais conectada da hist\u00f3ria\u201d, afirmou a Vice-Secret\u00e1ria-Geral, comentando a import\u00e2ncia do uso das redes sociais utilizadas pelos jovens.<\/p>\n<p>A Rio+20 reunir\u00e1 l\u00edderes mundiais e representantes de empresas e da sociedade civil para assegurar um compromisso pol\u00edtico para o desenvolvimento sustent\u00e1vel, a transi\u00e7\u00e3o para uma economia verde e a erradica\u00e7\u00e3o da pobreza.<\/p>\n","protected":false},"excerpt":{"rendered":"<p>(ONU-BR) A Vice-Secret\u00e1ria-Geral das Na\u00e7\u00f5es Unidas, Asha-Rose Migiro, pediu nesta quarta-feira (16\/11) que os jovens usem suas habilidades e energia para apoiar a Confer\u00eancia das Na\u00e7\u00f5es Unidas sobre Desenvolvimento Sustent\u00e1vel (Rio+20), que ser\u00e1 realizada em junho de 2012, no Rio de Janeiro. Participando de um evento na sede da ONU em parceria com uma institui\u00e7\u00e3o [&hellip;]<\/p>\n","protected":false},"author":19,"featured_media":0,"comment_status":"open","ping_status":"open","sticky":false,"template":"","format":"standard","meta":{"ngg_post_thumbnail":0,"footnotes":""},"categories":[7],"tags":[],"class_list":["post-1297","post","type-post","status-publish","format-standard","hentry","category-noticias"],"_links":{"self":[{"href":"https:\/\/ultimato.com.br\/sites\/jovem\/wp-json\/wp\/v2\/posts\/1297","targetHints":{"allow":["GET"]}}],"collection":[{"href":"https:\/\/ultimato.com.br\/sites\/jovem\/wp-json\/wp\/v2\/posts"}],"about":[{"href":"https:\/\/ultimato.com.br\/sites\/jovem\/wp-json\/wp\/v2\/types\/post"}],"author":[{"embeddable":true,"href":"https:\/\/ultimato.com.br\/sites\/jovem\/wp-json\/wp\/v2\/users\/19"}],"replies":[{"embeddable":true,"href":"https:\/\/ultimato.com.br\/sites\/jovem\/wp-json\/wp\/v2\/comments?post=1297"}],"version-history":[{"count":3,"href":"https:\/\/ultimato.com.br\/sites\/jovem\/wp-json\/wp\/v2\/posts\/1297\/revisions"}],"predecessor-version":[{"id":1300,"href":"https:\/\/ultimato.com.br\/sites\/jovem\/wp-json\/wp\/v2\/posts\/1297\/revisions\/1300"}],"wp:attachment":[{"href":"https:\/\/ultimato.com.br\/sites\/jovem\/wp-json\/wp\/v2\/media?parent=1297"}],"wp:term":[{"taxonomy":"category","embeddable":true,"href":"https:\/\/ultimato.com.br\/sites\/jovem\/wp-json\/wp\/v2\/categories?post=1297"},{"taxonomy":"post_tag","embeddable":true,"href":"https:\/\/ultimato.com.br\/sites\/jovem\/wp-json\/wp\/v2\/tags?post=1297"}],"curies":[{"name":"wp","href":"https:\/\/api.w.org\/{rel}","templated":true}]}}