{"id":1268,"date":"2011-11-09T15:00:13","date_gmt":"2011-11-09T18:00:13","guid":{"rendered":"http:\/\/ultimato.com.br\/sites\/jovem\/?p=1268"},"modified":"2011-11-09T15:00:13","modified_gmt":"2011-11-09T18:00:13","slug":"e-o-que-faremos","status":"publish","type":"post","link":"https:\/\/ultimato.com.br\/sites\/jovem\/2011\/11\/09\/e-o-que-faremos\/","title":{"rendered":"E o que faremos?"},"content":{"rendered":"<p><a href=\"http:\/\/ultimato.com.br\/sites\/jovem\/files\/2011\/11\/09_11_jovem_corrupcao_festart.jpg\" class=\"lightview\" data-lightview-group=\"group-1268\" data-lightview-options=\"skin: 'dark', controls: 'relative', padding: '10', shadow: { color: '#000000', opacity: 0.08, blur: 3 }\" data-lightview-title=\"Foto: Andrea Souza\"><img loading=\"lazy\" decoding=\"async\" class=\"alignleft size-full wp-image-1269\" title=\"Foto: Andrea Souza\" src=\"http:\/\/ultimato.com.br\/sites\/jovem\/files\/2011\/11\/09_11_jovem_corrupcao_festart.jpg\" alt=\"\" width=\"218\" height=\"335\" srcset=\"https:\/\/ultimato.com.br\/sites\/jovem\/files\/2011\/11\/09_11_jovem_corrupcao_festart.jpg 218w, https:\/\/ultimato.com.br\/sites\/jovem\/files\/2011\/11\/09_11_jovem_corrupcao_festart-195x300.jpg 195w, https:\/\/ultimato.com.br\/sites\/jovem\/files\/2011\/11\/09_11_jovem_corrupcao_festart-97x150.jpg 97w\" sizes=\"auto, (max-width: 218px) 100vw, 218px\" \/><\/a>Na cidade onde o mar faz fronteira com o asfalto e as ruas de domingo se calam pra ver o tempo passar, um ru\u00eddo de justi\u00e7a parece nascer do alto de um pr\u00e9dio plantado na rua Wilson Freitas, n\u00famero 250, centro de Vit\u00f3ria. Ali fica o Avalanche Miss\u00f5es Urbanas, que, entre paredes de grafite e escadarias compridas, realizou seu segundo Festival de Artes sobre um tema n\u00e3o t\u00e3o comum entre os crist\u00e3os: a corrup\u00e7\u00e3o, desde aquela que se manifesta nas iras cotidianas at\u00e9 a que estampa capas de jornais afoitos por manchetes gra\u00fadas.<\/p>\n<p>Houve espa\u00e7o tamb\u00e9m para a luta contra esse mal que impera nos nossos dias, silenciosa ou extravagante, lenta ou acelerada. O assunto invadiu rodas de debate, obras de arte, fotografias, instala\u00e7\u00f5es art\u00edsticas e a curiosidade dos que estavam por l\u00e1. O ajuntamento aconteceu nos dias 30 de setembro e 1 e 2 de outubro e reuniu pessoas de diferentes estados do pa\u00eds.<\/p>\n<p>Dentre as falas inflamadas, pedidos de socorro e s\u00faplicas para que a igreja tome parte na batalha, e do lado certo. Dentre as m\u00fasicas tocadas, anseios de justi\u00e7a, a\u00e7\u00e3o e mudan\u00e7a. Dentre as exposi\u00e7\u00f5es art\u00edsticas, reclama\u00e7\u00f5es coletivas, den\u00fancias pol\u00edticas, esperan\u00e7a congelada em atos fotogr\u00e1ficos.<!--more--><\/p>\n<p>Mas o final de semana se foi, as instala\u00e7\u00f5es foram desmontadas e a aglomera\u00e7\u00e3o de consci\u00eancias e pensamentos se desfez. Restou-nos o desafio de ser sal e luz, de mostrar as nossas boas obras e deixar a candeia brilhar nos lugares onde estamos.<\/p>\n<p>Conseguiremos?<\/p>\n<blockquote><p>E, uma vez libertados do pecado, fostes feitos servos da justi\u00e7a\u201d.<br \/>\n<strong>Romanos 6:18<\/strong><\/p><\/blockquote>\n<p>_________<\/p>\n<p><strong>Andrea Souza<\/strong>, 22 anos, \u00e9 jornalista, defensora dos direitos da crian\u00e7a e do adolescente, amante da fotografia, da boa m\u00fasica e das Escrituras<\/p>\n","protected":false},"excerpt":{"rendered":"<p>Na cidade onde o mar faz fronteira com o asfalto e as ruas de domingo se calam pra ver o tempo passar, um ru\u00eddo de justi\u00e7a parece nascer do alto de um pr\u00e9dio plantado na rua Wilson Freitas, n\u00famero 250, centro de Vit\u00f3ria. Ali fica o Avalanche Miss\u00f5es Urbanas, que, entre paredes de grafite e [&hellip;]<\/p>\n","protected":false},"author":19,"featured_media":0,"comment_status":"open","ping_status":"open","sticky":false,"template":"","format":"standard","meta":{"ngg_post_thumbnail":0,"footnotes":""},"categories":[5151,6093],"tags":[],"class_list":["post-1268","post","type-post","status-publish","format-standard","hentry","category-outros-papos","category-viagens"],"_links":{"self":[{"href":"https:\/\/ultimato.com.br\/sites\/jovem\/wp-json\/wp\/v2\/posts\/1268","targetHints":{"allow":["GET"]}}],"collection":[{"href":"https:\/\/ultimato.com.br\/sites\/jovem\/wp-json\/wp\/v2\/posts"}],"about":[{"href":"https:\/\/ultimato.com.br\/sites\/jovem\/wp-json\/wp\/v2\/types\/post"}],"author":[{"embeddable":true,"href":"https:\/\/ultimato.com.br\/sites\/jovem\/wp-json\/wp\/v2\/users\/19"}],"replies":[{"embeddable":true,"href":"https:\/\/ultimato.com.br\/sites\/jovem\/wp-json\/wp\/v2\/comments?post=1268"}],"version-history":[{"count":2,"href":"https:\/\/ultimato.com.br\/sites\/jovem\/wp-json\/wp\/v2\/posts\/1268\/revisions"}],"predecessor-version":[{"id":1271,"href":"https:\/\/ultimato.com.br\/sites\/jovem\/wp-json\/wp\/v2\/posts\/1268\/revisions\/1271"}],"wp:attachment":[{"href":"https:\/\/ultimato.com.br\/sites\/jovem\/wp-json\/wp\/v2\/media?parent=1268"}],"wp:term":[{"taxonomy":"category","embeddable":true,"href":"https:\/\/ultimato.com.br\/sites\/jovem\/wp-json\/wp\/v2\/categories?post=1268"},{"taxonomy":"post_tag","embeddable":true,"href":"https:\/\/ultimato.com.br\/sites\/jovem\/wp-json\/wp\/v2\/tags?post=1268"}],"curies":[{"name":"wp","href":"https:\/\/api.w.org\/{rel}","templated":true}]}}