{"id":126,"date":"2010-04-08T14:40:55","date_gmt":"2010-04-08T14:40:55","guid":{"rendered":"http:\/\/ultimato.com.br\/sites\/jovem\/?p=126"},"modified":"2019-10-09T10:37:58","modified_gmt":"2019-10-09T13:37:58","slug":"entrevista-com-rene-padilla","status":"publish","type":"post","link":"https:\/\/ultimato.com.br\/sites\/jovem\/2010\/04\/08\/entrevista-com-rene-padilla\/","title":{"rendered":"Entrevista com Ren\u00e9 Padilla"},"content":{"rendered":"<p>V\u00cdDEO &#8211; T\u00e1bata Mori entrevista Ren\u00e9 Padilla na sede da Editora Ultimato, no in\u00edcio de outubro de 2009.<br \/>\nO Conselho Editorial Jovem de Ultimato faz uma pequena entrevista com ele sobre a sua juventude e o envolvimento com a miss\u00e3o integral.<\/p>\n<p><em>V\u00eddeo I<\/em><\/p>\n<p><iframe loading=\"lazy\" src=\"https:\/\/www.youtube.com\/embed\/MhmsgXGoBd4\" width=\"560\" height=\"315\" frameborder=\"0\" allowfullscreen=\"allowfullscreen\"><\/iframe><\/p>\n<p><em>V\u00eddeo II<\/em><\/p>\n<p><iframe loading=\"lazy\" src=\"https:\/\/www.youtube.com\/embed\/zRfLxEJGdxs\" width=\"560\" height=\"315\" frameborder=\"0\" allowfullscreen=\"allowfullscreen\"><\/iframe><\/p>\n","protected":false},"excerpt":{"rendered":"<p>V\u00cdDEO &#8211; T\u00e1bata Mori entrevista Ren\u00e9 Padilla na sede da Editora Ultimato, no in\u00edcio de outubro de 2009. O Conselho Editorial Jovem de Ultimato faz uma pequena entrevista com ele sobre a sua juventude e o envolvimento com a miss\u00e3o integral. V\u00eddeo I V\u00eddeo II<\/p>\n","protected":false},"author":8,"featured_media":0,"comment_status":"open","ping_status":"open","sticky":false,"template":"","format":"standard","meta":{"ngg_post_thumbnail":0,"footnotes":""},"categories":[115],"tags":[],"class_list":["post-126","post","type-post","status-publish","format-standard","hentry","category-videos"],"_links":{"self":[{"href":"https:\/\/ultimato.com.br\/sites\/jovem\/wp-json\/wp\/v2\/posts\/126","targetHints":{"allow":["GET"]}}],"collection":[{"href":"https:\/\/ultimato.com.br\/sites\/jovem\/wp-json\/wp\/v2\/posts"}],"about":[{"href":"https:\/\/ultimato.com.br\/sites\/jovem\/wp-json\/wp\/v2\/types\/post"}],"author":[{"embeddable":true,"href":"https:\/\/ultimato.com.br\/sites\/jovem\/wp-json\/wp\/v2\/users\/8"}],"replies":[{"embeddable":true,"href":"https:\/\/ultimato.com.br\/sites\/jovem\/wp-json\/wp\/v2\/comments?post=126"}],"version-history":[{"count":7,"href":"https:\/\/ultimato.com.br\/sites\/jovem\/wp-json\/wp\/v2\/posts\/126\/revisions"}],"predecessor-version":[{"id":7723,"href":"https:\/\/ultimato.com.br\/sites\/jovem\/wp-json\/wp\/v2\/posts\/126\/revisions\/7723"}],"wp:attachment":[{"href":"https:\/\/ultimato.com.br\/sites\/jovem\/wp-json\/wp\/v2\/media?parent=126"}],"wp:term":[{"taxonomy":"category","embeddable":true,"href":"https:\/\/ultimato.com.br\/sites\/jovem\/wp-json\/wp\/v2\/categories?post=126"},{"taxonomy":"post_tag","embeddable":true,"href":"https:\/\/ultimato.com.br\/sites\/jovem\/wp-json\/wp\/v2\/tags?post=126"}],"curies":[{"name":"wp","href":"https:\/\/api.w.org\/{rel}","templated":true}]}}