{"id":1252,"date":"2011-11-01T10:26:45","date_gmt":"2011-11-01T13:26:45","guid":{"rendered":"http:\/\/ultimato.com.br\/sites\/jovem\/?p=1252"},"modified":"2011-11-01T10:26:45","modified_gmt":"2011-11-01T13:26:45","slug":"ore-pela-justica","status":"publish","type":"post","link":"https:\/\/ultimato.com.br\/sites\/jovem\/2011\/11\/01\/ore-pela-justica\/","title":{"rendered":"Ore pela justi\u00e7a"},"content":{"rendered":"<p>RENAS Jovem e a Rede FALE est\u00e3o promovendo o \u201cOrando pela Justi\u00e7a&#8221;, um culto de ora\u00e7\u00e3o tem\u00e1tico. A inten\u00e7\u00e3o \u00e9 que ele seja realizado em parceria com igrejas locais.<br \/>\nNo dia 29 de outubro, aconteceu o <em>1\u00b0 Orando pela Justi\u00e7a, <\/em>em S\u00e3o Paulo (SP), na Igreja Crist\u00e3 da Fam\u00edlia da Vila Mariana. Em Vit\u00f3ria (ES), a mesma a\u00e7\u00e3o acontecer\u00e1 no dia 6 de novembro, na Escola de Miss\u00e3o Avalanche.<\/p>\n<blockquote><p>A minha boca manifestar\u00e1 a tua justi\u00e7a e a tua salva\u00e7\u00e3o todo o dia, pois n\u00e3o conhe\u00e7o o n\u00famero delas.<br \/>\nSairei na for\u00e7a do Senhor DEUS, farei men\u00e7\u00e3o da tua justi\u00e7a, e s\u00f3 dela.<br \/>\n<strong>Salmos 71:15-16<\/strong><\/p><\/blockquote>\n<p>Que tal promover o mesmo na sua igreja? Ou na sua cidade? Escreva para <a href=\"mobilizacao@fale.org.br\" target=\"_blank\">mobilizacao@fale.org.br<\/a> e pe\u00e7a mais informa\u00e7\u00f5es. <a href=\"http:\/\/formacaoredefale.pbworks.com\/w\/file\/47413538\/BOoracaooutvov2011.pdf\" target=\"_blank\">Aqui<\/a> voc\u00ea pode baixar o boletim de ora\u00e7\u00e3o do FALE, confeccionado especialmente com motivos especiais relacionados ao tema.<\/p>\n<p style=\"text-align: center;\">&#8211;<img src=\"https:\/\/ultimato.com.br\/sites\/jovem\/wp-content\/plugins\/lightview-plus\/img\/novideo.png\" width=\"300\" height=\"168\" alt=\"Video not available\" \/><br \/>&#8211;<\/p>\n<p><!--more-->Mais informa\u00e7\u00f5es: <a href=\"http:\/\/redefale.blogspot.com\/\" target=\"_blank\">redefale.blogspot.com<\/a>. Quer relatar como foi a mobiliza\u00e7\u00e3o na sua cidade? <a href=\"juventudes@ultimato.com.br\" target=\"_blank\">juventudes@ultimato.com.br<\/a><\/p>\n","protected":false},"excerpt":{"rendered":"<p>RENAS Jovem e a Rede FALE est\u00e3o promovendo o \u201cOrando pela Justi\u00e7a&#8221;, um culto de ora\u00e7\u00e3o tem\u00e1tico. A inten\u00e7\u00e3o \u00e9 que ele seja realizado em parceria com igrejas locais. No dia 29 de outubro, aconteceu o 1\u00b0 Orando pela Justi\u00e7a, em S\u00e3o Paulo (SP), na Igreja Crist\u00e3 da Fam\u00edlia da Vila Mariana. Em Vit\u00f3ria (ES), [&hellip;]<\/p>\n","protected":false},"author":19,"featured_media":0,"comment_status":"open","ping_status":"open","sticky":false,"template":"","format":"standard","meta":{"ngg_post_thumbnail":0,"footnotes":""},"categories":[5151],"tags":[],"class_list":["post-1252","post","type-post","status-publish","format-standard","hentry","category-outros-papos"],"_links":{"self":[{"href":"https:\/\/ultimato.com.br\/sites\/jovem\/wp-json\/wp\/v2\/posts\/1252","targetHints":{"allow":["GET"]}}],"collection":[{"href":"https:\/\/ultimato.com.br\/sites\/jovem\/wp-json\/wp\/v2\/posts"}],"about":[{"href":"https:\/\/ultimato.com.br\/sites\/jovem\/wp-json\/wp\/v2\/types\/post"}],"author":[{"embeddable":true,"href":"https:\/\/ultimato.com.br\/sites\/jovem\/wp-json\/wp\/v2\/users\/19"}],"replies":[{"embeddable":true,"href":"https:\/\/ultimato.com.br\/sites\/jovem\/wp-json\/wp\/v2\/comments?post=1252"}],"version-history":[{"count":1,"href":"https:\/\/ultimato.com.br\/sites\/jovem\/wp-json\/wp\/v2\/posts\/1252\/revisions"}],"predecessor-version":[{"id":1253,"href":"https:\/\/ultimato.com.br\/sites\/jovem\/wp-json\/wp\/v2\/posts\/1252\/revisions\/1253"}],"wp:attachment":[{"href":"https:\/\/ultimato.com.br\/sites\/jovem\/wp-json\/wp\/v2\/media?parent=1252"}],"wp:term":[{"taxonomy":"category","embeddable":true,"href":"https:\/\/ultimato.com.br\/sites\/jovem\/wp-json\/wp\/v2\/categories?post=1252"},{"taxonomy":"post_tag","embeddable":true,"href":"https:\/\/ultimato.com.br\/sites\/jovem\/wp-json\/wp\/v2\/tags?post=1252"}],"curies":[{"name":"wp","href":"https:\/\/api.w.org\/{rel}","templated":true}]}}