{"id":1249,"date":"2011-10-31T16:04:42","date_gmt":"2011-10-31T19:04:42","guid":{"rendered":"http:\/\/ultimato.com.br\/sites\/jovem\/?p=1249"},"modified":"2011-11-03T08:02:02","modified_gmt":"2011-11-03T11:02:02","slug":"um-protesto-ao-protestantismo","status":"publish","type":"post","link":"https:\/\/ultimato.com.br\/sites\/jovem\/2011\/10\/31\/um-protesto-ao-protestantismo\/","title":{"rendered":"Um protesto ao Protestantismo"},"content":{"rendered":"<p><a href=\"http:\/\/ultimato.com.br\/sites\/jovem\/files\/2011\/10\/31_10_grito.jpg\" class=\"lightview\" data-lightview-group=\"group-1249\" data-lightview-options=\"skin: 'dark', controls: 'relative', padding: '10', shadow: { color: '#000000', opacity: 0.08, blur: 3 }\" data-lightview-title=\"31_10_grito\"><img loading=\"lazy\" decoding=\"async\" class=\"alignright size-full wp-image-1250\" title=\"31_10_grito\" src=\"http:\/\/ultimato.com.br\/sites\/jovem\/files\/2011\/10\/31_10_grito.jpg\" alt=\"\" width=\"331\" height=\"220\" srcset=\"https:\/\/ultimato.com.br\/sites\/jovem\/files\/2011\/10\/31_10_grito.jpg 331w, https:\/\/ultimato.com.br\/sites\/jovem\/files\/2011\/10\/31_10_grito-300x199.jpg 300w, https:\/\/ultimato.com.br\/sites\/jovem\/files\/2011\/10\/31_10_grito-150x99.jpg 150w\" sizes=\"auto, (max-width: 331px) 100vw, 331px\" \/><\/a>Segundo o dicion\u00e1rio Aur\u00e9lio, <span style=\"text-decoration: underline;\">protestar<\/span> significa: &#8220;v. tr. 1. Prometer terminantemente, publicamente. 2. Afirmar solenemente. 3. Declarar formalmente que se tem uma coisa por ilegal&#8221;.<\/p>\n<p>Com convic\u00e7\u00e3o, esses adjetivos estavam presentes e marcaram a hist\u00f3ria do s\u00e9culo XVI onde, culminada com a a\u00e7\u00e3o de Martinho Lutero, a voz de inquieta\u00e7\u00e3o e inconformidade veio \u00e0 tona e ecoou. A sociedade estava corrompida. Os valores estavam corrompidos. A Igreja estava corrompida. O grito liberado da garganta foi transformado em 95 Teses afixadas por Lutero na Abadia de Wittenberg (Alemanha) em 31 de outubro de 1517, fundamentalmente &#8220;Contra o Com\u00e9rcio das Indulg\u00eancias&#8221;. Movido em prol do esclarecimento da verdade, essa &#8220;revolu\u00e7\u00e3o&#8221; foi apelidado de Protestantismo, pelo seu protesto contra aquilo que julgava ser incorreto.<!--more--><\/p>\n<p>Quase quinhentos anos se passaram. O mundo mudou. As pessoas mudaram. Os valores mudaram. A Igreja mudou. O final do s\u00e9culo XX e o in\u00edcio do nosso s\u00e9culo tem se mostrado como o per\u00edodo negro do movimento protestante. O per\u00edodo inquisit\u00f3rio da Idade M\u00e9dia foi menos prejudicial \u00e0 Igreja do que o momento atual. No atual momento, os fi\u00e9is s\u00e3o ludibriados pelos seus l\u00edderes, mas n\u00e3o por terrenos no c\u00e9u. O auge da Teologia da Prosperidade \u00e9 marcado por esc\u00e2ndalos financeiros nas igrejas, e a promessa de muitos, que enganados por uma falsa expectativa de fortuna na Terra, compram sua esperan\u00e7a de emerg\u00eancia financeira dando muitas vezes mais do que possuem.<\/p>\n<p>Ora, se pudess\u00e9mos escolher um destes momentos como o &#8220;menos prejudicial&#8221;, n\u00e3o seria melhor aquele em que as pessoas eram enganadas por querer o C\u00e9u e n\u00e3o a Terra?<\/p>\n<p>O Protestantismo atual est\u00e1 cada vez mais recuado. A invas\u00e3o &#8220;mundana&#8221; conquista territ\u00f3rios dia ap\u00f3s dia. Lobos furiosos, carreiristas, profissionais do p\u00falpito, marqueteiros ardilosos e sutis dilapidam as Escrituras e destronam Cristo do centro da Igreja. O neo-evangelicalismo tornou o culto um produto de consumo, uma terapia de grupo bem remunerada. H\u00e1 que ser erguer um protesto contra o protestantismo atual!<\/p>\n<p>O ISMO deve ser abolido e o ANTE restaurado. ISMO indica uma relato que aconteceu, mas que virou hist\u00f3ria. ANTE indica a\u00e7\u00e3o a ser realizada no presente. ISMO mostra o que os outros foram e fizeram, ANTE declara a realidade do que somos e faremos. Pode-se ter sido fruto de um protestantISMO corrupto, mas se tornar aquele que grita e luta por ser um protestANTE que n\u00e3o se conforma com o cen\u00e1rio atual \u00e9 o papel de cada um, porque, afinal, protestante tem que protestar.<\/p>\n<p>_________<\/p>\n<p><strong><a href=\"http:\/\/twitter.com\/#!\/felipeheiderich\" target=\"_blank\">Felipe Heiderich<\/a> <\/strong>\u00e9 graduado em Teologia pela Faculdade Teol\u00f3gica Semin\u00e1rio Unido, escritor, conferencista e pregador. Um mineiro morando no Rio de Janeiro, tendo artigos e estudos publicados <a href=\"http:\/\/www.felipeheiderich.com\/\" target=\"_blank\">neste site<\/a>.<\/p>\n","protected":false},"excerpt":{"rendered":"<p>Segundo o dicion\u00e1rio Aur\u00e9lio, protestar significa: &#8220;v. tr. 1. Prometer terminantemente, publicamente. 2. Afirmar solenemente. 3. Declarar formalmente que se tem uma coisa por ilegal&#8221;. Com convic\u00e7\u00e3o, esses adjetivos estavam presentes e marcaram a hist\u00f3ria do s\u00e9culo XVI onde, culminada com a a\u00e7\u00e3o de Martinho Lutero, a voz de inquieta\u00e7\u00e3o e inconformidade veio \u00e0 tona [&hellip;]<\/p>\n","protected":false},"author":19,"featured_media":0,"comment_status":"open","ping_status":"open","sticky":false,"template":"","format":"standard","meta":{"ngg_post_thumbnail":0,"footnotes":""},"categories":[6054],"tags":[],"class_list":["post-1249","post","type-post","status-publish","format-standard","hentry","category-textos"],"_links":{"self":[{"href":"https:\/\/ultimato.com.br\/sites\/jovem\/wp-json\/wp\/v2\/posts\/1249","targetHints":{"allow":["GET"]}}],"collection":[{"href":"https:\/\/ultimato.com.br\/sites\/jovem\/wp-json\/wp\/v2\/posts"}],"about":[{"href":"https:\/\/ultimato.com.br\/sites\/jovem\/wp-json\/wp\/v2\/types\/post"}],"author":[{"embeddable":true,"href":"https:\/\/ultimato.com.br\/sites\/jovem\/wp-json\/wp\/v2\/users\/19"}],"replies":[{"embeddable":true,"href":"https:\/\/ultimato.com.br\/sites\/jovem\/wp-json\/wp\/v2\/comments?post=1249"}],"version-history":[{"count":3,"href":"https:\/\/ultimato.com.br\/sites\/jovem\/wp-json\/wp\/v2\/posts\/1249\/revisions"}],"predecessor-version":[{"id":1257,"href":"https:\/\/ultimato.com.br\/sites\/jovem\/wp-json\/wp\/v2\/posts\/1249\/revisions\/1257"}],"wp:attachment":[{"href":"https:\/\/ultimato.com.br\/sites\/jovem\/wp-json\/wp\/v2\/media?parent=1249"}],"wp:term":[{"taxonomy":"category","embeddable":true,"href":"https:\/\/ultimato.com.br\/sites\/jovem\/wp-json\/wp\/v2\/categories?post=1249"},{"taxonomy":"post_tag","embeddable":true,"href":"https:\/\/ultimato.com.br\/sites\/jovem\/wp-json\/wp\/v2\/tags?post=1249"}],"curies":[{"name":"wp","href":"https:\/\/api.w.org\/{rel}","templated":true}]}}