{"id":1216,"date":"2011-10-21T07:50:02","date_gmt":"2011-10-21T10:50:02","guid":{"rendered":"http:\/\/ultimato.com.br\/sites\/jovem\/?p=1216"},"modified":"2011-10-20T08:09:08","modified_gmt":"2011-10-20T11:09:08","slug":"juventude-transformando-com-arte","status":"publish","type":"post","link":"https:\/\/ultimato.com.br\/sites\/jovem\/2011\/10\/21\/juventude-transformando-com-arte\/","title":{"rendered":"Juventude Transformando com Arte"},"content":{"rendered":"<p>(<a href=\"http:\/\/www.adital.com.br\/jovem\/noticia.asp?boletim=1&amp;lang=PT&amp;cod=61522\" target=\"_blank\">Adital<\/a>)\u00a0Seguem at\u00e9 o dia 31 de outubro, as inscri\u00e7\u00f5es para a 4\u00aa edi\u00e7\u00e3o da Mostra Brasil Juventude Transformando com Arte, que ser\u00e1 realizada em maio de 2012 no Rio de Janeiro. A convocat\u00f3ria \u00e9 do Centro de Estudos e Pol\u00edticas P\u00fablicas (CEPP) e tem como objetivo selecionar grupos art\u00edsticos de todo o Brasil, que desenvolvam trabalhos com jovens, para tr\u00eas noites de apresenta\u00e7\u00f5es em tradicional teatro da capital fluminense. A Mostra \u00e9 realizada a cada dois anos e para a 4\u00aa edi\u00e7\u00e3o o tema \u00e9 Cultura e Sustentabilidade.Podem se inscrever grupos com trabalhos art\u00edsticos nas seguintes linguagens e express\u00f5es culturais: dan\u00e7a, m\u00fasica, circo, teatro, cultura popular, literatura, poesia, artes visuais e fotografia. Al\u00e9m de realizar trabalho com jovens, os grupos devem realizar a\u00e7\u00f5es sociais transformadoras. A inscri\u00e7\u00e3o deve ser feita por meio de formul\u00e1rio online. S\u00f3 ser\u00e1 aceita uma inscri\u00e7\u00e3o por grupo.<\/p>\n<p><a href=\"http:\/\/ultimato.com.br\/sites\/jovem\/files\/2011\/10\/19_10_jovem_arte.jpg\" class=\"lightview\" data-lightview-group=\"group-1216\" data-lightview-options=\"skin: 'dark', controls: 'relative', padding: '10', shadow: { color: '#000000', opacity: 0.08, blur: 3 }\" data-lightview-title=\"Foto: Lu\u00eds Abregu\/Site do evento\"><img loading=\"lazy\" decoding=\"async\" class=\"aligncenter size-full wp-image-1217\" title=\"Foto: Lu\u00eds Abregu\/Site do evento\" src=\"http:\/\/ultimato.com.br\/sites\/jovem\/files\/2011\/10\/19_10_jovem_arte.jpg\" alt=\"\" width=\"448\" height=\"136\" srcset=\"https:\/\/ultimato.com.br\/sites\/jovem\/files\/2011\/10\/19_10_jovem_arte.jpg 448w, https:\/\/ultimato.com.br\/sites\/jovem\/files\/2011\/10\/19_10_jovem_arte-300x91.jpg 300w, https:\/\/ultimato.com.br\/sites\/jovem\/files\/2011\/10\/19_10_jovem_arte-150x45.jpg 150w\" sizes=\"auto, (max-width: 448px) 100vw, 448px\" \/><\/a><\/p>\n<p>Al\u00e9m do preenchimento do formul\u00e1rio, os grupos devem enviar material audiovisual de registro de trabalhos com repert\u00f3rio apto a serem apresentados. O material pode ser enviado por correio ou via internet. Para a op\u00e7\u00e3o online, deve ser disponibilizado um link em site de hospedagem de v\u00eddeos. Para o envio por correio, somente os formatos DVD e CD ser\u00e3o aceitos. Os v\u00eddeos devem ter dura\u00e7\u00e3o de 3 a 10 minutos.<\/p>\n<p>De acordo com o regulamento, a mostra &#8220;tem por conceito a integra\u00e7\u00e3o art\u00edstica dos grupos e a constru\u00e7\u00e3o colaborativa dos espet\u00e1culos\u201d. Nesse sentido, cada dia ter\u00e1 uma dire\u00e7\u00e3o art\u00edstica respons\u00e1vel por elaborar o espet\u00e1culo em conjunto com os participantes. As apresenta\u00e7\u00f5es ter\u00e3o no m\u00e1ximo dez minutos, de modo a fazer parte do roteiro do espet\u00e1culo, proporcionando a intera\u00e7\u00e3o entre os grupos.<!--more--><\/p>\n<p>A programa\u00e7\u00e3o, al\u00e9m das tr\u00eas noites de espet\u00e1culos, contar\u00e1 com a\u00e7\u00f5es de interc\u00e2mbio, atividades de forma\u00e7\u00e3o profissional, oficinas, semin\u00e1rios, visitas a centros culturais e a grupos art\u00edsticos do Rio de Janeiro. Para a organiza\u00e7\u00e3o, essas a\u00e7\u00f5es permitem &#8220;a amplia\u00e7\u00e3o dos saberes e do repert\u00f3rio cultural\u201d dos jovens participantes.<\/p>\n<p>Cada dia de apresenta\u00e7\u00e3o ser\u00e1 destinado a uma linguagem art\u00edstica. O primeiro dia ser\u00e1 m\u00fasica e o segundo, dan\u00e7a. O terceiro dia ser\u00e1 destinado a misturas de diversas express\u00f5es. Os espet\u00e1culos ser\u00e3o pensados com base no tema Cultura e Sustentabilidade, que foi escolhido em refer\u00eancia \u00e0 Confer\u00eancia das Na\u00e7\u00f5es Unidas sobre Desenvolvimento Sustent\u00e1vel, a Rio +20. Al\u00e9m dos roteiros das apresenta\u00e7\u00f5es, o tema envolver\u00e1 tamb\u00e9m os debates dos semin\u00e1rios.<\/p>\n<p><strong>Sele\u00e7\u00e3o<\/strong><\/p>\n<p>O resultado ser\u00e1 divulgado at\u00e9 o dia 15 de fevereiro. Os selecionados ter\u00e3o cinco dias, a partir do contato da CEPP, para confirmar a participa\u00e7\u00e3o. Uma Comiss\u00e3o formada por quatro curadores e dois representantes do Centro de Estudos ficar\u00e1 respons\u00e1vel por realizar o julgamento. Os crit\u00e9rios, bem como a sele\u00e7\u00e3o dos grupos, ser\u00e3o decididos em reuni\u00e3o da Comiss\u00e3o, n\u00e3o cabendo recurso. O n\u00famero de trabalhos selecionados ser\u00e1 compat\u00edvel com o perfil da programa\u00e7\u00e3o, do espa\u00e7o e do or\u00e7amento.<\/p>\n<p>&#8220;Ser\u00e3o priorizadas as participa\u00e7\u00f5es de grupos e projetos que tenham qualidade art\u00edstica, pouca visibilidade e expressem a identidade e a diversidade cultural de comunidades de diferentes regi\u00f5es do pa\u00eds\u201d, pontua o regulamento da Mostra. Os custos de hospedagem e alimenta\u00e7\u00e3o, bem como transporte para grupos de outros estados, ser\u00e3o custeados pela organiza\u00e7\u00e3o.<\/p>\n<p>Para mais informa\u00e7\u00f5es: <a href=\"http:\/\/www.juventudearte.org.br\" target=\"_blank\">www.juventudearte.org.br<\/a><\/p>\n","protected":false},"excerpt":{"rendered":"<p>(Adital)\u00a0Seguem at\u00e9 o dia 31 de outubro, as inscri\u00e7\u00f5es para a 4\u00aa edi\u00e7\u00e3o da Mostra Brasil Juventude Transformando com Arte, que ser\u00e1 realizada em maio de 2012 no Rio de Janeiro. A convocat\u00f3ria \u00e9 do Centro de Estudos e Pol\u00edticas P\u00fablicas (CEPP) e tem como objetivo selecionar grupos art\u00edsticos de todo o Brasil, que desenvolvam [&hellip;]<\/p>\n","protected":false},"author":19,"featured_media":0,"comment_status":"open","ping_status":"open","sticky":false,"template":"","format":"standard","meta":{"ngg_post_thumbnail":0,"footnotes":""},"categories":[7],"tags":[],"class_list":["post-1216","post","type-post","status-publish","format-standard","hentry","category-noticias"],"_links":{"self":[{"href":"https:\/\/ultimato.com.br\/sites\/jovem\/wp-json\/wp\/v2\/posts\/1216","targetHints":{"allow":["GET"]}}],"collection":[{"href":"https:\/\/ultimato.com.br\/sites\/jovem\/wp-json\/wp\/v2\/posts"}],"about":[{"href":"https:\/\/ultimato.com.br\/sites\/jovem\/wp-json\/wp\/v2\/types\/post"}],"author":[{"embeddable":true,"href":"https:\/\/ultimato.com.br\/sites\/jovem\/wp-json\/wp\/v2\/users\/19"}],"replies":[{"embeddable":true,"href":"https:\/\/ultimato.com.br\/sites\/jovem\/wp-json\/wp\/v2\/comments?post=1216"}],"version-history":[{"count":4,"href":"https:\/\/ultimato.com.br\/sites\/jovem\/wp-json\/wp\/v2\/posts\/1216\/revisions"}],"predecessor-version":[{"id":1219,"href":"https:\/\/ultimato.com.br\/sites\/jovem\/wp-json\/wp\/v2\/posts\/1216\/revisions\/1219"}],"wp:attachment":[{"href":"https:\/\/ultimato.com.br\/sites\/jovem\/wp-json\/wp\/v2\/media?parent=1216"}],"wp:term":[{"taxonomy":"category","embeddable":true,"href":"https:\/\/ultimato.com.br\/sites\/jovem\/wp-json\/wp\/v2\/categories?post=1216"},{"taxonomy":"post_tag","embeddable":true,"href":"https:\/\/ultimato.com.br\/sites\/jovem\/wp-json\/wp\/v2\/tags?post=1216"}],"curies":[{"name":"wp","href":"https:\/\/api.w.org\/{rel}","templated":true}]}}