{"id":1172,"date":"2011-10-05T11:00:25","date_gmt":"2011-10-05T14:00:25","guid":{"rendered":"http:\/\/ultimato.com.br\/sites\/jovem\/?p=1172"},"modified":"2011-10-17T10:47:52","modified_gmt":"2011-10-17T13:47:52","slug":"o-jovem-e-o-dia-da-biblia-2011","status":"publish","type":"post","link":"https:\/\/ultimato.com.br\/sites\/jovem\/2011\/10\/05\/o-jovem-e-o-dia-da-biblia-2011\/","title":{"rendered":"O Jovem e o Dia da B\u00edblia 2011"},"content":{"rendered":"<p><a href=\"http:\/\/ultimato.com.br\/sites\/jovem\/files\/2011\/09\/28_09_biblia-jovem.jpg\" class=\"lightview\" data-lightview-group=\"group-1172\" data-lightview-options=\"skin: 'dark', controls: 'relative', padding: '10', shadow: { color: '#000000', opacity: 0.08, blur: 3 }\"><img loading=\"lazy\" decoding=\"async\" class=\"alignright size-medium wp-image-1174\" src=\"http:\/\/ultimato.com.br\/sites\/jovem\/files\/2011\/09\/28_09_biblia-jovem-300x225.jpg\" alt=\"\" width=\"300\" height=\"225\" srcset=\"https:\/\/ultimato.com.br\/sites\/jovem\/files\/2011\/09\/28_09_biblia-jovem-300x225.jpg 300w, https:\/\/ultimato.com.br\/sites\/jovem\/files\/2011\/09\/28_09_biblia-jovem-150x112.jpg 150w, https:\/\/ultimato.com.br\/sites\/jovem\/files\/2011\/09\/28_09_biblia-jovem.jpg 336w\" sizes=\"auto, (max-width: 300px) 100vw, 300px\" \/><\/a>(<a href=\"http:\/\/www.sbb.org.br\/interna.asp?areaID=101&amp;id=805\" target=\"_blank\">SBB<\/a>) \u201cA B\u00edblia para o Jovem\u201d \u00e9 o tema que vai orientar as celebra\u00e7\u00f5es do Dia da B\u00edblia 2011, no segundo domingo de dezembro. Todas as igrejas brasileiras podem participar da campanha proposta pela Sociedade B\u00edblica do Brasil (SBB). Baseada em Prov\u00e9rbios 3.6 &#8211; Lembre de Deus em tudo o que fizer, e ele lhe mostrar\u00e1 o caminho certo -, tem o objetivo de conectar a juventude com a Palavra de Deus e enfatizar a import\u00e2ncia dos princ\u00edpios b\u00edblicos para a vida.<\/p>\n<p>\u201cDesenvolvemos uma s\u00e9rie de ferramentas para ajudar igrejas, congrega\u00e7\u00f5es e minist\u00e9rios a colocar a B\u00edblia no dia a dia dos jovens brasileiros. \u00c9 importante que os l\u00edderes desses jovens tamb\u00e9m sejam envolvidos na prepara\u00e7\u00e3o de uma grande celebra\u00e7\u00e3o em torno do Livro Sagrado\u201d, diz o secret\u00e1rio de Comunica\u00e7\u00e3o e A\u00e7\u00e3o Social da SBB, Ern\u00ed Seibert.<\/p>\n<p>O lan\u00e7amento da campanha acontecer\u00e1 entre os dias 27 de setembro e 13 de outubro. \u201cSer\u00e3o realizados eventos regionais em diversas partes do Pa\u00eds, com o intuito de engajar a lideran\u00e7a crist\u00e3 nesta grande festa em torno do livro mais lido, traduzido e produzido de todos os tempos\u201d, explica Seibert.<!--more--><\/p>\n<p>Entre os itens disponibilizados pela SBB est\u00e3o: cartazes, material para evangeliza\u00e7\u00e3o de jovens, cofrinho para crian\u00e7as, envelopes para arrecada\u00e7\u00e3o de ofertas pela distribui\u00e7\u00e3o da B\u00edblia, modelo para confec\u00e7\u00e3o de camisetas do Dia da B\u00edblia e Planos de Leitura da B\u00edblia segmentados: para crian\u00e7as e jovens, al\u00e9m de um para a leitura da B\u00edblia completa em um ano. Este material pode ser solicitado atrav\u00e9s do hotsite www.sbb.org.br\/diadabiblia, onde tamb\u00e9m est\u00e3o reunidas informa\u00e7\u00f5es detalhadas sobre como usar essas ferramenta e ideias para marcar o Dia da B\u00edblia 2011.<\/p>\n<p>\u201cAs igrejas tamb\u00e9m poder\u00e3o utilizar o hotsite do Dia da B\u00edblia para divulgar suas programa\u00e7\u00f5es. Mas \u00e9 importante que elas se mobilizem para comunicar suas a\u00e7\u00f5es ao maior n\u00famero de pessoas poss\u00edvel, utilizando seus pr\u00f3prios meios de comunica\u00e7\u00e3o: boletins, jornais, informativos, programas de R\u00e1dio e TV, Internet e redes sociais\u201d, orienta Seibert.<\/p>\n<p>O Dia da B\u00edblia \u00e9 celebrado no segundo domingo de dezembro e durante toda a semana que o precede. A SBB estar\u00e1 engajada na divulga\u00e7\u00e3o de eventos e programa\u00e7\u00f5es, realizadas por igrejas de todo o Pa\u00eds.<\/p>\n<p><strong>O Dia da B\u00edblia <\/strong>&#8211; Criado em 1549, na Gr\u00e3-Bretanha pelo Bispo Cranmer, o Dia da B\u00edblia come\u00e7ou a ser celebrado no Brasil em 1850, quando chegaram da Europa e EUA os primeiros mission\u00e1rios evang\u00e9licos. Por\u00e9m, a primeira manifesta\u00e7\u00e3o p\u00fablica aconteceu quando foi fundada a Sociedade B\u00edblica do Brasil (SBB), em 1948. Gra\u00e7as ao trabalho de divulga\u00e7\u00e3o das Escrituras Sagradas, desempenhado pela SBB, as comemora\u00e7\u00f5es se intensificaram e diversificaram, passando a incluir a realiza\u00e7\u00e3o de cultos, carreatas, shows, maratonas de leitura b\u00edblica, exposi\u00e7\u00f5es b\u00edblicas, constru\u00e7\u00e3o de monumentos \u00e0 B\u00edblia e ampla distribui\u00e7\u00e3o de Escrituras &#8211; formas que os crist\u00e3os encontraram de agradecer a Deus por esse alimento para a vida.<\/p>\n","protected":false},"excerpt":{"rendered":"<p>(SBB) \u201cA B\u00edblia para o Jovem\u201d \u00e9 o tema que vai orientar as celebra\u00e7\u00f5es do Dia da B\u00edblia 2011, no segundo domingo de dezembro. Todas as igrejas brasileiras podem participar da campanha proposta pela Sociedade B\u00edblica do Brasil (SBB). Baseada em Prov\u00e9rbios 3.6 &#8211; Lembre de Deus em tudo o que fizer, e ele lhe [&hellip;]<\/p>\n","protected":false},"author":19,"featured_media":0,"comment_status":"open","ping_status":"open","sticky":false,"template":"","format":"standard","meta":{"ngg_post_thumbnail":0,"footnotes":""},"categories":[172],"tags":[],"class_list":["post-1172","post","type-post","status-publish","format-standard","hentry","category-agenda"],"_links":{"self":[{"href":"https:\/\/ultimato.com.br\/sites\/jovem\/wp-json\/wp\/v2\/posts\/1172","targetHints":{"allow":["GET"]}}],"collection":[{"href":"https:\/\/ultimato.com.br\/sites\/jovem\/wp-json\/wp\/v2\/posts"}],"about":[{"href":"https:\/\/ultimato.com.br\/sites\/jovem\/wp-json\/wp\/v2\/types\/post"}],"author":[{"embeddable":true,"href":"https:\/\/ultimato.com.br\/sites\/jovem\/wp-json\/wp\/v2\/users\/19"}],"replies":[{"embeddable":true,"href":"https:\/\/ultimato.com.br\/sites\/jovem\/wp-json\/wp\/v2\/comments?post=1172"}],"version-history":[{"count":4,"href":"https:\/\/ultimato.com.br\/sites\/jovem\/wp-json\/wp\/v2\/posts\/1172\/revisions"}],"predecessor-version":[{"id":1177,"href":"https:\/\/ultimato.com.br\/sites\/jovem\/wp-json\/wp\/v2\/posts\/1172\/revisions\/1177"}],"wp:attachment":[{"href":"https:\/\/ultimato.com.br\/sites\/jovem\/wp-json\/wp\/v2\/media?parent=1172"}],"wp:term":[{"taxonomy":"category","embeddable":true,"href":"https:\/\/ultimato.com.br\/sites\/jovem\/wp-json\/wp\/v2\/categories?post=1172"},{"taxonomy":"post_tag","embeddable":true,"href":"https:\/\/ultimato.com.br\/sites\/jovem\/wp-json\/wp\/v2\/tags?post=1172"}],"curies":[{"name":"wp","href":"https:\/\/api.w.org\/{rel}","templated":true}]}}