{"id":1164,"date":"2011-09-28T09:45:04","date_gmt":"2011-09-28T12:45:04","guid":{"rendered":"http:\/\/ultimato.com.br\/sites\/jovem\/?p=1164"},"modified":"2011-09-28T09:48:21","modified_gmt":"2011-09-28T12:48:21","slug":"semana-do-cristianismo-na-ufmg","status":"publish","type":"post","link":"https:\/\/ultimato.com.br\/sites\/jovem\/2011\/09\/28\/semana-do-cristianismo-na-ufmg\/","title":{"rendered":"3\u00aa Semana do Cristianismo"},"content":{"rendered":"<p><a href=\"http:\/\/ultimato.com.br\/sites\/jovem\/files\/2011\/09\/28_09_scIII_blogjovem.jpg\" class=\"lightview\" data-lightview-group=\"group-1164\" data-lightview-options=\"skin: 'dark', controls: 'relative', padding: '10', shadow: { color: '#000000', opacity: 0.08, blur: 3 }\" data-lightview-title=\"Divulga\u00e7\u00e3o\"><img loading=\"lazy\" decoding=\"async\" class=\"aligncenter size-full wp-image-1165\" title=\"Divulga\u00e7\u00e3o\" src=\"http:\/\/ultimato.com.br\/sites\/jovem\/files\/2011\/09\/28_09_scIII_blogjovem.jpg\" alt=\"\" width=\"443\" height=\"332\" srcset=\"https:\/\/ultimato.com.br\/sites\/jovem\/files\/2011\/09\/28_09_scIII_blogjovem.jpg 443w, https:\/\/ultimato.com.br\/sites\/jovem\/files\/2011\/09\/28_09_scIII_blogjovem-300x224.jpg 300w, https:\/\/ultimato.com.br\/sites\/jovem\/files\/2011\/09\/28_09_scIII_blogjovem-150x112.jpg 150w\" sizes=\"auto, (max-width: 443px) 100vw, 443px\" \/><\/a><\/p>\n<p>Entre os dias  3 e 7 de outubro, ocorrer\u00e1  a <strong>III Semana do Cristianismo <\/strong>em universidades da Regi\u00e3o Metropolitana de Belo Horizonte. O evento, de car\u00e1ter cient\u00edfico e cultural, \u00e9 organizado pela Alian\u00e7a B\u00edblica Universit\u00e1ria (ABUB) de Belo Horizonte e ser\u00e1 constitu\u00eddo de apresenta\u00e7\u00f5es art\u00edsticas, palestras e debates que visam a discuss\u00e3o e divulga\u00e7\u00e3o da hist\u00f3ria, cultura e \u00e9tica crist\u00e3 relevantes no meio acad\u00eamico. Participe!<\/p>\n<p><strong>Mais informa\u00e7\u00f5es<\/strong>: <a href=\"http:\/\/www.abubh.blogspot.com\/\" target=\"_blank\">blog da ABU-BH<\/a>, <a href=\"mailto:semanadocristianismo@gmail.com\" target=\"_blank\">semanadocristianismo@gmail.com<\/a> ou pelo Twitter <a href=\"http:\/\/twitter.com\/#!\/sc2011_\">@SC2011_<\/a><\/p>\n","protected":false},"excerpt":{"rendered":"<p>Entre os dias 3 e 7 de outubro, ocorrer\u00e1 a III Semana do Cristianismo em universidades da Regi\u00e3o Metropolitana de Belo Horizonte. O evento, de car\u00e1ter cient\u00edfico e cultural, \u00e9 organizado pela Alian\u00e7a B\u00edblica Universit\u00e1ria (ABUB) de Belo Horizonte e ser\u00e1 constitu\u00eddo de apresenta\u00e7\u00f5es art\u00edsticas, palestras e debates que visam a discuss\u00e3o e divulga\u00e7\u00e3o da [&hellip;]<\/p>\n","protected":false},"author":19,"featured_media":0,"comment_status":"open","ping_status":"open","sticky":false,"template":"","format":"standard","meta":{"ngg_post_thumbnail":0,"footnotes":""},"categories":[172],"tags":[],"class_list":["post-1164","post","type-post","status-publish","format-standard","hentry","category-agenda"],"_links":{"self":[{"href":"https:\/\/ultimato.com.br\/sites\/jovem\/wp-json\/wp\/v2\/posts\/1164","targetHints":{"allow":["GET"]}}],"collection":[{"href":"https:\/\/ultimato.com.br\/sites\/jovem\/wp-json\/wp\/v2\/posts"}],"about":[{"href":"https:\/\/ultimato.com.br\/sites\/jovem\/wp-json\/wp\/v2\/types\/post"}],"author":[{"embeddable":true,"href":"https:\/\/ultimato.com.br\/sites\/jovem\/wp-json\/wp\/v2\/users\/19"}],"replies":[{"embeddable":true,"href":"https:\/\/ultimato.com.br\/sites\/jovem\/wp-json\/wp\/v2\/comments?post=1164"}],"version-history":[{"count":4,"href":"https:\/\/ultimato.com.br\/sites\/jovem\/wp-json\/wp\/v2\/posts\/1164\/revisions"}],"predecessor-version":[{"id":1167,"href":"https:\/\/ultimato.com.br\/sites\/jovem\/wp-json\/wp\/v2\/posts\/1164\/revisions\/1167"}],"wp:attachment":[{"href":"https:\/\/ultimato.com.br\/sites\/jovem\/wp-json\/wp\/v2\/media?parent=1164"}],"wp:term":[{"taxonomy":"category","embeddable":true,"href":"https:\/\/ultimato.com.br\/sites\/jovem\/wp-json\/wp\/v2\/categories?post=1164"},{"taxonomy":"post_tag","embeddable":true,"href":"https:\/\/ultimato.com.br\/sites\/jovem\/wp-json\/wp\/v2\/tags?post=1164"}],"curies":[{"name":"wp","href":"https:\/\/api.w.org\/{rel}","templated":true}]}}