{"id":1141,"date":"2011-10-03T10:30:15","date_gmt":"2011-10-03T13:30:15","guid":{"rendered":"http:\/\/ultimato.com.br\/sites\/jovem\/?p=1141"},"modified":"2011-09-28T09:34:40","modified_gmt":"2011-09-28T12:34:40","slug":"estagios-de-crescimento","status":"publish","type":"post","link":"https:\/\/ultimato.com.br\/sites\/jovem\/2011\/10\/03\/estagios-de-crescimento\/","title":{"rendered":"Est\u00e1gios de crescimento"},"content":{"rendered":"<blockquote><p>\u201cEu vos escrevi, jovens, porque sois fortes, e a palavra de Deus permanece em v\u00f3s, e j\u00e1 vencestes o maligno\u201d<br \/>\nI Jo\u00e3o 2:14<\/p><\/blockquote>\n<p>J\u00e1 ouvimos muitas vezes algu\u00e9m usando esse vers\u00edculo <strong>diretamente <\/strong>e <strong>exclusivamente <\/strong>para os jovens. Mas observando o texto atentamente, percebemos que ele aponta para outro sentido da palavra <span style=\"text-decoration: underline;\">jovem<\/span>.\u00a0 Est\u00e1 escrito \u201cjovens (&#8230;) sois fortes\u201d: essa for\u00e7a n\u00e3o se refere \u00e0 for\u00e7a f\u00edsica, pois se assim o fosse, n\u00e3o haveria como vencer o &#8220;maligno&#8221; com ela, certo? Essa for\u00e7a deve vir, portanto, do vigor da juventude e da \u201cpalavra de Deus que permanece em v\u00f3s\u201d. Mesmo assim, se entendemos que as palavras \u201csois forte\u201d se referem a uma &#8220;for\u00e7a espiritual&#8221;, precisamos ver que a palavra &#8220;jovens&#8221;, no mesmo vers\u00edculo, tamb\u00e9m \u00e9 usada no sentido espiritual. &#8220;Jo\u00e3o est\u00e1 falando a crentes de crescentes graus (filhos&#8230; jovens&#8230; pais&#8230;) de maturidade na f\u00e9&#8221; (David H. Stern). Se somente <em>os jovens<\/em> fossem fortes e venceram o maligno, pobre seria o Apostolo Jo\u00e3o, pois na ocasi\u00e3o quando escreveu esse texto j\u00e1 estava bem velhinho!<\/p>\n<p>Mas Jo\u00e3o n\u00e3o esta falando de <em>jovens <\/em>no sentido literal; ele fala de \u201cjovens espirituais\u201d, pois at\u00e9 mesmo aqueles que ainda est\u00e3o se desenvolvendo na f\u00e9 j\u00e1 venceram o maligno. \u201cEle est\u00e1 indicando, n\u00e3o as suas idades f\u00edsicas, como pensam alguns, mas est\u00e1gios de seu desenvolvimento espiritual\u201d (J. Stott).<!--more--><\/p>\n<p>Assim como Jo\u00e3o, Pedro tamb\u00e9m mostra diferentes n\u00edveis de maturidade espiritual existentes, como por exemplo \u201c crescer na Gra\u00e7a\u201d (2Pd 3:18) ou \u201cdesejai afetuosamente, como meninos novamente nascidos, o leite racional, n\u00e3o falsificado, para que por ele vades crescendo\u201d (1Pd 2:2).<\/p>\n<p>Tantos jovens como adolescentes e anci\u00e3os s\u00e3o fortes. A for\u00e7a que vence o maligno n\u00e3o esta condicionada \u00e0 idade f\u00edsica, mas \u00e0 presen\u00e7a da Palavra dentro de n\u00f3s.<\/p>\n<p><a href=\"http:\/\/ultimato.com.br\/sites\/jovem\/files\/2011\/09\/Fases-Vida1.jpg\" class=\"lightview\" data-lightview-group=\"group-1141\" data-lightview-options=\"skin: 'dark', controls: 'relative', padding: '10', shadow: { color: '#000000', opacity: 0.08, blur: 3 }\"><img loading=\"lazy\" decoding=\"async\" class=\"aligncenter size-full wp-image-1158\" src=\"http:\/\/ultimato.com.br\/sites\/jovem\/files\/2011\/09\/Fases-Vida1.jpg\" alt=\"\" width=\"461\" height=\"216\" srcset=\"https:\/\/ultimato.com.br\/sites\/jovem\/files\/2011\/09\/Fases-Vida1.jpg 942w, https:\/\/ultimato.com.br\/sites\/jovem\/files\/2011\/09\/Fases-Vida1-300x140.jpg 300w, https:\/\/ultimato.com.br\/sites\/jovem\/files\/2011\/09\/Fases-Vida1-150x70.jpg 150w\" sizes=\"auto, (max-width: 461px) 100vw, 461px\" \/><\/a>__________<\/p>\n<p><strong><a href=\"http:\/\/twitter.com\/#%21\/opoiema\" target=\"_blank\">Alan Corr\u00eaa<\/a><\/strong> \u00e9 l\u00edder jovens na Igreja Batista Nacional, em S\u00e3o Bernardo (SP) e aluno do 3\u00b0 ano de teologia pela faculdade FABC<\/p>\n","protected":false},"excerpt":{"rendered":"<p>\u201cEu vos escrevi, jovens, porque sois fortes, e a palavra de Deus permanece em v\u00f3s, e j\u00e1 vencestes o maligno\u201d I Jo\u00e3o 2:14 J\u00e1 ouvimos muitas vezes algu\u00e9m usando esse vers\u00edculo diretamente e exclusivamente para os jovens. Mas observando o texto atentamente, percebemos que ele aponta para outro sentido da palavra jovem.\u00a0 Est\u00e1 escrito \u201cjovens [&hellip;]<\/p>\n","protected":false},"author":19,"featured_media":0,"comment_status":"open","ping_status":"open","sticky":false,"template":"","format":"standard","meta":{"ngg_post_thumbnail":0,"footnotes":""},"categories":[6054],"tags":[],"class_list":["post-1141","post","type-post","status-publish","format-standard","hentry","category-textos"],"_links":{"self":[{"href":"https:\/\/ultimato.com.br\/sites\/jovem\/wp-json\/wp\/v2\/posts\/1141","targetHints":{"allow":["GET"]}}],"collection":[{"href":"https:\/\/ultimato.com.br\/sites\/jovem\/wp-json\/wp\/v2\/posts"}],"about":[{"href":"https:\/\/ultimato.com.br\/sites\/jovem\/wp-json\/wp\/v2\/types\/post"}],"author":[{"embeddable":true,"href":"https:\/\/ultimato.com.br\/sites\/jovem\/wp-json\/wp\/v2\/users\/19"}],"replies":[{"embeddable":true,"href":"https:\/\/ultimato.com.br\/sites\/jovem\/wp-json\/wp\/v2\/comments?post=1141"}],"version-history":[{"count":5,"href":"https:\/\/ultimato.com.br\/sites\/jovem\/wp-json\/wp\/v2\/posts\/1141\/revisions"}],"predecessor-version":[{"id":1160,"href":"https:\/\/ultimato.com.br\/sites\/jovem\/wp-json\/wp\/v2\/posts\/1141\/revisions\/1160"}],"wp:attachment":[{"href":"https:\/\/ultimato.com.br\/sites\/jovem\/wp-json\/wp\/v2\/media?parent=1141"}],"wp:term":[{"taxonomy":"category","embeddable":true,"href":"https:\/\/ultimato.com.br\/sites\/jovem\/wp-json\/wp\/v2\/categories?post=1141"},{"taxonomy":"post_tag","embeddable":true,"href":"https:\/\/ultimato.com.br\/sites\/jovem\/wp-json\/wp\/v2\/tags?post=1141"}],"curies":[{"name":"wp","href":"https:\/\/api.w.org\/{rel}","templated":true}]}}