{"id":1131,"date":"2011-09-12T14:15:25","date_gmt":"2011-09-12T17:15:25","guid":{"rendered":"http:\/\/ultimato.com.br\/sites\/jovem\/?p=1131"},"modified":"2011-09-13T10:57:04","modified_gmt":"2011-09-13T13:57:04","slug":"o-dia-ficou-cinza","status":"publish","type":"post","link":"https:\/\/ultimato.com.br\/sites\/jovem\/2011\/09\/12\/o-dia-ficou-cinza\/","title":{"rendered":"O dia ficou cinza"},"content":{"rendered":"<p><a href=\"http:\/\/ultimato.com.br\/sites\/jovem\/files\/2011\/09\/12_09_nuvens_blogjovem.jpg\" class=\"lightview\" data-lightview-group=\"group-1131\" data-lightview-options=\"skin: 'dark', controls: 'relative', padding: '10', shadow: { color: '#000000', opacity: 0.08, blur: 3 }\"><img loading=\"lazy\" decoding=\"async\" class=\"aligncenter size-full wp-image-1132\" src=\"http:\/\/ultimato.com.br\/sites\/jovem\/files\/2011\/09\/12_09_nuvens_blogjovem.jpg\" alt=\"\" width=\"448\" height=\"180\" srcset=\"https:\/\/ultimato.com.br\/sites\/jovem\/files\/2011\/09\/12_09_nuvens_blogjovem.jpg 448w, https:\/\/ultimato.com.br\/sites\/jovem\/files\/2011\/09\/12_09_nuvens_blogjovem-300x120.jpg 300w, https:\/\/ultimato.com.br\/sites\/jovem\/files\/2011\/09\/12_09_nuvens_blogjovem-150x60.jpg 150w\" sizes=\"auto, (max-width: 448px) 100vw, 448px\" \/><\/a>O sol j\u00e1 brilha, seus raios entram pela sacada, a leve brisa permite o ballet das \u00e1rvores. Como \u00e9 bom acordar e ter a sensa\u00e7\u00e3o de que o dia ser\u00e1 perfeito! J\u00f3, voc\u00ea e eu j\u00e1 tivemos dias assim.<\/p>\n<p>Por\u00e9m, fechemos os olhos e viajemos at\u00e9 a noite anterior \u00e0s not\u00edcias que poderiam ter arrasado a caminhada daquele homem temente e bondoso de cora\u00e7\u00e3o. Ao abri-los, veremos um lindo dia se tornar cinza.<\/p>\n<blockquote><p>\u201cO que ocupava o pensamento de J\u00f3 na noite anterior \u00e0s desgra\u00e7as que o acometeriam?\u201d. Tudo ia bem: os filhos, os neg\u00f3cios, o relacionamento com Deus. \u201cSeria realmente poss\u00edvel que algo pudesse tirar a paz do seu cora\u00e7\u00e3o?\u201d<\/p><\/blockquote>\n<p>S\u00e1bado passado vi um dia lindo ficar cinza. Fazia dois dias que havia retornado ao Brasil. Estava feliz, a viagem que havia feito me alegrou e eu me sentia agraciado. A sexta-feira transcorrera tranquilamente. Corri na universidade, li alguns quadrinhos, selecionei algumas fotos para compartilhar com os amigos e assisti a um filme. No final do dia, a noite estava perfeita para lindos sonhos. <!--more--><\/p>\n<blockquote><p>\u201cSer\u00e1 que J\u00f3 sonhou com algo bom na noite anterior ao dia cinzento?\u201d<\/p><\/blockquote>\n<p>No meu caso, n\u00e3o me lembro de ter sonhado, mas apenas de ter conseguido descansar.<\/p>\n<p>No dia seguinte, pela manh\u00e3, o celular tocou e me despertou. Para minha surpresa, era meu irm\u00e3o. \u201cTeria ele uma boa not\u00edcia para me contar ou seria apenas saudade do irm\u00e3o mais novo?\u201d<\/p>\n<blockquote><p>\u201cE o que ser\u00e1 que J\u00f3 pensou quando o servi\u00e7al se aproximou para falar com ele?\u201d<\/p><\/blockquote>\n<p>Meu irm\u00e3o perguntou-me sobre a viagem, o noivado e disse-me que estava feliz por n\u00f3s. De minha parte, disse-lhe que me sentia o cara mais feliz do mundo.<\/p>\n<p>Entretanto, ele tinha mais a me dizer. Ent\u00e3o silenciei e o tom de voz do outro lado mudou ao anunciar: \u201cMam\u00e3e teve um AVC\u201d. De repente as nuvens cinzas encobriram o sol. Desesperei-me, perdi o rumo, quis gritar. \u201cOnde est\u00e1 Deus?\u201d.<\/p>\n<p>Por\u00e9m sabia que, como o sol, ele estava bem perto. Por ser um pai amoroso, esperava um gesto meu em dire\u00e7\u00e3o a ele (pois n\u00e3o h\u00e1 nada melhor do que se colocar nos bra\u00e7os do Pai nessas horas). Todavia, como \u00e9 dif\u00edcil correr para os bra\u00e7os Dele nesses momentos! Tudo se apagara e a vida parecia ter acabado. Eu queria ir para longe, buscar uma solu\u00e7\u00e3o, uma resposta \u2014 mas nada disso era poss\u00edvel.<\/p>\n<p>Como uma not\u00edcia pode transformar um dia! Contudo, a caminhada n\u00e3o pode ser interrompida. \u00c9 preciso continuar a crer, exercitar a f\u00e9 e receber o amor de Deus. Assim, viajei, acolhi, chorei, recebi as orienta\u00e7\u00f5es m\u00e9dicas e depois voltei para continuar minha caminhada. J\u00f3 tamb\u00e9m continuou a sua.<\/p>\n<p>Voc\u00ea est\u00e1 vendo nuvens cinzas cobrirem o seu lindo dia de sol? Qual ser\u00e1 sua atitude diante delas?<\/p>\n<p>Preciso terminar dizendo que mam\u00e3e j\u00e1 est\u00e1 se recuperando e que domingo, dia 4 de setembro, ela completou 83 anos.<\/p>\n<p>__________<\/p>\n<p><strong>Jeverton \u201cMagr\u00e3o\u201d Ledo<\/strong> \u00e9 mission\u00e1rio, autor de \u201cMinha Escolha Profissional \u2014 o que Deus tem a ver com isso?\u201d (Editora Vida).<br \/>\n<a href=\"jeverton.ledo@gmail.com\" target=\"_blank\">jeverton.ledo@gmail.com<\/a><\/p>\n","protected":false},"excerpt":{"rendered":"<p>O sol j\u00e1 brilha, seus raios entram pela sacada, a leve brisa permite o ballet das \u00e1rvores. Como \u00e9 bom acordar e ter a sensa\u00e7\u00e3o de que o dia ser\u00e1 perfeito! J\u00f3, voc\u00ea e eu j\u00e1 tivemos dias assim. Por\u00e9m, fechemos os olhos e viajemos at\u00e9 a noite anterior \u00e0s not\u00edcias que poderiam ter arrasado [&hellip;]<\/p>\n","protected":false},"author":19,"featured_media":0,"comment_status":"open","ping_status":"open","sticky":false,"template":"","format":"standard","meta":{"ngg_post_thumbnail":0,"footnotes":""},"categories":[6054],"tags":[],"class_list":["post-1131","post","type-post","status-publish","format-standard","hentry","category-textos"],"_links":{"self":[{"href":"https:\/\/ultimato.com.br\/sites\/jovem\/wp-json\/wp\/v2\/posts\/1131","targetHints":{"allow":["GET"]}}],"collection":[{"href":"https:\/\/ultimato.com.br\/sites\/jovem\/wp-json\/wp\/v2\/posts"}],"about":[{"href":"https:\/\/ultimato.com.br\/sites\/jovem\/wp-json\/wp\/v2\/types\/post"}],"author":[{"embeddable":true,"href":"https:\/\/ultimato.com.br\/sites\/jovem\/wp-json\/wp\/v2\/users\/19"}],"replies":[{"embeddable":true,"href":"https:\/\/ultimato.com.br\/sites\/jovem\/wp-json\/wp\/v2\/comments?post=1131"}],"version-history":[{"count":2,"href":"https:\/\/ultimato.com.br\/sites\/jovem\/wp-json\/wp\/v2\/posts\/1131\/revisions"}],"predecessor-version":[{"id":1134,"href":"https:\/\/ultimato.com.br\/sites\/jovem\/wp-json\/wp\/v2\/posts\/1131\/revisions\/1134"}],"wp:attachment":[{"href":"https:\/\/ultimato.com.br\/sites\/jovem\/wp-json\/wp\/v2\/media?parent=1131"}],"wp:term":[{"taxonomy":"category","embeddable":true,"href":"https:\/\/ultimato.com.br\/sites\/jovem\/wp-json\/wp\/v2\/categories?post=1131"},{"taxonomy":"post_tag","embeddable":true,"href":"https:\/\/ultimato.com.br\/sites\/jovem\/wp-json\/wp\/v2\/tags?post=1131"}],"curies":[{"name":"wp","href":"https:\/\/api.w.org\/{rel}","templated":true}]}}