{"id":1106,"date":"2011-09-06T12:00:09","date_gmt":"2011-09-06T15:00:09","guid":{"rendered":"http:\/\/ultimato.com.br\/sites\/jovem\/?p=1106"},"modified":"2011-09-06T12:02:34","modified_gmt":"2011-09-06T15:02:34","slug":"participacao-politica-e-justica-social","status":"publish","type":"post","link":"https:\/\/ultimato.com.br\/sites\/jovem\/2011\/09\/06\/participacao-politica-e-justica-social\/","title":{"rendered":"Participa\u00e7\u00e3o pol\u00edtica e justi\u00e7a social"},"content":{"rendered":"<p>Entre os dias 15 e 17 de setembro acontece o <a href=\"http:\/\/encontro.renas.org.br\/\" target=\"_blank\">Encontro RENAS 2011<\/a>, em Luzi\u00e2nia (GO). O tema ser\u00e1 &#8220;Participa\u00e7\u00e3o pol\u00edtica e justi\u00e7a social&#8221;. A boa not\u00edcia \u00e9 que voc\u00ea ainda pode se inscrever! Entre no site do evento e <a href=\"http:\/\/encontro.renas.org.br\/inscreva-se\/\" target=\"_blank\">n\u00e3o deixe passar a \u00a0oportunidade<\/a> de ouvir Carlos Queiroz, Ariovaldo Ramos, Denise Colin, Ricardo Barbosa e Alexandre Brasil, entre outros, sobre como podemos tomar parte no cumprimento integral da miss\u00e3o crist\u00e3 no mundo. O louvor fica por conta de Carlinhos Veiga e Rub\u00e3o &amp; Banda! Curtiu, n\u00e9? Mas corra, porque as inscri\u00e7\u00f5es encerram-se no pr\u00f3ximo s\u00e1bado, 10 de setembro!<\/p>\n<p>Ultimato, co-promotora do evento, far\u00e1 o lan\u00e7amento do livro <a href=\"http:\/\/www.ultimato.com.br\/loja\/produtos\/assim-na-terra-como-no-ceu\" target=\"_blank\">Assim na Terra como no C\u00e9u<\/a>, produzido em parceria com <a href=\"http:\/\/www.arocha.org\/br-pt\/index.html\" target=\"_blank\">A Rocha Brasil<\/a>, no evento.<\/p>\n<p style=\"text-align: center;\"><a href=\"http:\/\/tr.entrega.whservidor.com\/index.dma\/DmaPreview?5959,86,355,0cd7e80d48df21cdf6b87a36d69fdcac\" target=\"_blank\"><img loading=\"lazy\" decoding=\"async\" class=\"aligncenter size-full wp-image-1107\" title=\"06_09_email_apoia_renas\" src=\"http:\/\/ultimato.com.br\/sites\/jovem\/files\/2011\/09\/06_09_email_apoia_renas.jpg\" alt=\"\" width=\"417\" height=\"251\" srcset=\"https:\/\/ultimato.com.br\/sites\/jovem\/files\/2011\/09\/06_09_email_apoia_renas.jpg 417w, https:\/\/ultimato.com.br\/sites\/jovem\/files\/2011\/09\/06_09_email_apoia_renas-300x180.jpg 300w, https:\/\/ultimato.com.br\/sites\/jovem\/files\/2011\/09\/06_09_email_apoia_renas-150x90.jpg 150w\" sizes=\"auto, (max-width: 417px) 100vw, 417px\" \/><\/a><\/p>\n","protected":false},"excerpt":{"rendered":"<p>Entre os dias 15 e 17 de setembro acontece o Encontro RENAS 2011, em Luzi\u00e2nia (GO). O tema ser\u00e1 &#8220;Participa\u00e7\u00e3o pol\u00edtica e justi\u00e7a social&#8221;. A boa not\u00edcia \u00e9 que voc\u00ea ainda pode se inscrever! Entre no site do evento e n\u00e3o deixe passar a \u00a0oportunidade de ouvir Carlos Queiroz, Ariovaldo Ramos, Denise Colin, Ricardo Barbosa [&hellip;]<\/p>\n","protected":false},"author":19,"featured_media":0,"comment_status":"open","ping_status":"open","sticky":false,"template":"","format":"standard","meta":{"ngg_post_thumbnail":0,"footnotes":""},"categories":[172],"tags":[],"class_list":["post-1106","post","type-post","status-publish","format-standard","hentry","category-agenda"],"_links":{"self":[{"href":"https:\/\/ultimato.com.br\/sites\/jovem\/wp-json\/wp\/v2\/posts\/1106","targetHints":{"allow":["GET"]}}],"collection":[{"href":"https:\/\/ultimato.com.br\/sites\/jovem\/wp-json\/wp\/v2\/posts"}],"about":[{"href":"https:\/\/ultimato.com.br\/sites\/jovem\/wp-json\/wp\/v2\/types\/post"}],"author":[{"embeddable":true,"href":"https:\/\/ultimato.com.br\/sites\/jovem\/wp-json\/wp\/v2\/users\/19"}],"replies":[{"embeddable":true,"href":"https:\/\/ultimato.com.br\/sites\/jovem\/wp-json\/wp\/v2\/comments?post=1106"}],"version-history":[{"count":3,"href":"https:\/\/ultimato.com.br\/sites\/jovem\/wp-json\/wp\/v2\/posts\/1106\/revisions"}],"predecessor-version":[{"id":1110,"href":"https:\/\/ultimato.com.br\/sites\/jovem\/wp-json\/wp\/v2\/posts\/1106\/revisions\/1110"}],"wp:attachment":[{"href":"https:\/\/ultimato.com.br\/sites\/jovem\/wp-json\/wp\/v2\/media?parent=1106"}],"wp:term":[{"taxonomy":"category","embeddable":true,"href":"https:\/\/ultimato.com.br\/sites\/jovem\/wp-json\/wp\/v2\/categories?post=1106"},{"taxonomy":"post_tag","embeddable":true,"href":"https:\/\/ultimato.com.br\/sites\/jovem\/wp-json\/wp\/v2\/tags?post=1106"}],"curies":[{"name":"wp","href":"https:\/\/api.w.org\/{rel}","templated":true}]}}