{"id":1093,"date":"2011-09-05T14:15:34","date_gmt":"2011-09-05T17:15:34","guid":{"rendered":"http:\/\/ultimato.com.br\/sites\/jovem\/?p=1093"},"modified":"2011-09-05T14:17:18","modified_gmt":"2011-09-05T17:17:18","slug":"o-que-se-espera-dos-jovens-de-hoje","status":"publish","type":"post","link":"https:\/\/ultimato.com.br\/sites\/jovem\/2011\/09\/05\/o-que-se-espera-dos-jovens-de-hoje\/","title":{"rendered":"O que se espera dos jovens de hoje?"},"content":{"rendered":"<div id=\"attachment_1094\" style=\"width: 182px\" class=\"wp-caption alignleft\"><a href=\"http:\/\/ultimato.com.br\/sites\/jovem\/files\/2011\/09\/05_09_referencia_ultJovem.jpg\" class=\"lightview\" data-lightview-group=\"group-1093\" data-lightview-options=\"skin: 'dark', controls: 'relative', padding: '10', shadow: { color: '#000000', opacity: 0.08, blur: 3 }\"><img loading=\"lazy\" decoding=\"async\" aria-describedby=\"caption-attachment-1094\" class=\"size-full wp-image-1094  \" src=\"http:\/\/ultimato.com.br\/sites\/jovem\/files\/2011\/09\/05_09_referencia_ultJovem.jpg\" alt=\"\" width=\"172\" height=\"246\" srcset=\"https:\/\/ultimato.com.br\/sites\/jovem\/files\/2011\/09\/05_09_referencia_ultJovem.jpg 308w, https:\/\/ultimato.com.br\/sites\/jovem\/files\/2011\/09\/05_09_referencia_ultJovem-209x300.jpg 209w, https:\/\/ultimato.com.br\/sites\/jovem\/files\/2011\/09\/05_09_referencia_ultJovem-104x150.jpg 104w\" sizes=\"auto, (max-width: 172px) 100vw, 172px\" \/><\/a><p id=\"caption-attachment-1094\" class=\"wp-caption-text\">Voc\u00ea tem servido como refer\u00eancia para as outras pessoas?<\/p><\/div>\n<p>Ainda hoje, muitos crist\u00e3os entendem que os jovens s\u00e3o a igreja <strong>de amanh\u00e3<\/strong>, mesmo sendo eles a igreja <span style=\"text-decoration: underline;\"><strong>de hoje<\/strong><\/span>. Essa proje\u00e7\u00e3o acontece porque se espera dessa gera\u00e7\u00e3o um envolvimento maior com o evangelho de Cristo, a exemplo dos jovens que compunham as gera\u00e7\u00f5es passadas, que fizeram a diferen\u00e7a e se tornaram mola propulsora para o crescimento do Reino.<\/p>\n<p>A B\u00edblia est\u00e1 cheia de jovens que marcaram sua hist\u00f3ria e que s\u00e3o provas de que Deus faz deles seus instrumentos para transformar o mundo. Certa vez, Paulo disse para um jovem chamado Tim\u00f3teo: \u201dS\u00ea um exemplo para os fi\u00e9is na palavra, no procedimento, no amor, na f\u00e9, na pureza\u201d. Os fi\u00e9is a que Paulo se refere para que Tim\u00f3teo fosse um exemplo s\u00e3o os anci\u00e3os da igreja primitiva, homens como Crescente, Tito, Marcos e Lucas.<\/p>\n<p>O caminho sugerido por Paulo \u00e9 incomum at\u00e9 mesmo nos dias de hoje. O normal s\u00e3o os mais velhos servirem de exemplo para os mais novos, mas nesta recomenda\u00e7\u00e3o Paulo inverte o comum e exige do jovem Tim\u00f3teo o que n\u00e3o se exige dos jovens de hoje: para que sejam refer\u00eancia para as refer\u00eancias. Paulo queria que a vida de Tim\u00f3teo fosse um exemplo, uma prega\u00e7\u00e3o proclamada ainda que calada. Ele quer que Tim\u00f3teo seja uma prega\u00e7\u00e3o viva, uma admoesta\u00e7\u00e3o aos olhos e n\u00e3o somente aos ouvidos, e faz isso por um \u00fanico motivo: sabe que existe um potencial enorme para o reino de Deus na vida de um jovem.<!--more--><\/p>\n<p>A hist\u00f3ria prova que os jovens t\u00eam a for\u00e7a. <a href=\"http:\/\/pt.wikipedia.org\/wiki\/Lutero\" target=\"_blank\">Lutero<\/a> tinha apenas 31 anos de idade quando as \u201c95 teses\u201d foram afixadas na porta da Igreja do Castelo de Wittenberg. <a href=\"http:\/\/pt.wikipedia.org\/wiki\/Calvino\" target=\"_blank\">Calvino<\/a> tinha apenas 27 anos de idade quando revolucionou a Fran\u00e7a ao ponto de ter que fugir para Genebra para n\u00e3o ser preso. <a href=\"http:\/\/pt.wikipedia.org\/wiki\/Dwight_L._Moody\" target=\"_blank\">Moody<\/a> tinha somente 25 anos quando, em Chicago, sua escola dominical tinha mais de 1000 crian\u00e7as, fato que chamou a aten\u00e7\u00e3o nos EUA ao ponto de o presidente americano Abraham Lincoln visitar a escola. <a href=\"http:\/\/pt.wikipedia.org\/wiki\/Billy_Graham\" target=\"_blank\">Billy Graham<\/a>, com 30 anos, j\u00e1 havia pregado para mais de 210 milh\u00f5es de pessoas em 185 pa\u00edses. <a href=\"http:\/\/pt.wikipedia.org\/wiki\/Martin_Luther_King\" target=\"_blank\">Martin Luther King Jr.<\/a> tinha 26 anos de idade quando liderou um movimento contra a desigualdade racial, foi preso e teve sua casa atacada. Tornou-se tamb\u00e9m a pessoa mais jovem a receber o Pr\u00eamio Nobel da Paz.<\/p>\n<p>Deus conta com os jovens, mostra que os jovens podem ser usados. Resta agora que eles se entreguem sem reserva para verem o que Deus pode fazer por meio deles.<\/p>\n<blockquote><p>&#8220;Preparem-se, meus jovens, para se tornarem cada vez mais fracos; preparem-se para mergulhar a n\u00edveis cada vez mais baixos de auto-estima; preparem-se para a autoaniquila\u00e7\u00e3o &#8211; e orem para que Deus apresse este processo.\u201d<br \/>\nC. H. Spurgeon<\/p><\/blockquote>\n<p>__________<\/p>\n<p><strong><a href=\"http:\/\/twitter.com\/#!\/opoiema\" target=\"_blank\">Alan Corr\u00eaa<\/a><\/strong> \u00e9 l\u00edder jovens na Igreja Batista Nacional, em S\u00e3o Bernardo (SP) e aluno do 3\u00b0 ano de teologia pela faculdade FABC.<\/p>\n","protected":false},"excerpt":{"rendered":"<p>Ainda hoje, muitos crist\u00e3os entendem que os jovens s\u00e3o a igreja de amanh\u00e3, mesmo sendo eles a igreja de hoje. Essa proje\u00e7\u00e3o acontece porque se espera dessa gera\u00e7\u00e3o um envolvimento maior com o evangelho de Cristo, a exemplo dos jovens que compunham as gera\u00e7\u00f5es passadas, que fizeram a diferen\u00e7a e se tornaram mola propulsora para [&hellip;]<\/p>\n","protected":false},"author":19,"featured_media":0,"comment_status":"open","ping_status":"open","sticky":false,"template":"","format":"standard","meta":{"ngg_post_thumbnail":0,"footnotes":""},"categories":[6054],"tags":[],"class_list":["post-1093","post","type-post","status-publish","format-standard","hentry","category-textos"],"_links":{"self":[{"href":"https:\/\/ultimato.com.br\/sites\/jovem\/wp-json\/wp\/v2\/posts\/1093","targetHints":{"allow":["GET"]}}],"collection":[{"href":"https:\/\/ultimato.com.br\/sites\/jovem\/wp-json\/wp\/v2\/posts"}],"about":[{"href":"https:\/\/ultimato.com.br\/sites\/jovem\/wp-json\/wp\/v2\/types\/post"}],"author":[{"embeddable":true,"href":"https:\/\/ultimato.com.br\/sites\/jovem\/wp-json\/wp\/v2\/users\/19"}],"replies":[{"embeddable":true,"href":"https:\/\/ultimato.com.br\/sites\/jovem\/wp-json\/wp\/v2\/comments?post=1093"}],"version-history":[{"count":3,"href":"https:\/\/ultimato.com.br\/sites\/jovem\/wp-json\/wp\/v2\/posts\/1093\/revisions"}],"predecessor-version":[{"id":1097,"href":"https:\/\/ultimato.com.br\/sites\/jovem\/wp-json\/wp\/v2\/posts\/1093\/revisions\/1097"}],"wp:attachment":[{"href":"https:\/\/ultimato.com.br\/sites\/jovem\/wp-json\/wp\/v2\/media?parent=1093"}],"wp:term":[{"taxonomy":"category","embeddable":true,"href":"https:\/\/ultimato.com.br\/sites\/jovem\/wp-json\/wp\/v2\/categories?post=1093"},{"taxonomy":"post_tag","embeddable":true,"href":"https:\/\/ultimato.com.br\/sites\/jovem\/wp-json\/wp\/v2\/tags?post=1093"}],"curies":[{"name":"wp","href":"https:\/\/api.w.org\/{rel}","templated":true}]}}